{"id":5873,"date":"2021-12-03T11:21:15","date_gmt":"2021-12-03T10:21:15","guid":{"rendered":"https:\/\/www.citm.upc.edu\/blog\/?p=5873"},"modified":"2021-12-03T11:24:35","modified_gmt":"2021-12-03T10:24:35","slug":"carles-sora-participa-en-ctrl-el-primer-programa-televisivo-sobre-cultura-en-la-era-del-consumo-y-la-creacion-digital","status":"publish","type":"post","link":"https:\/\/www.citm.upc.edu\/blog\/carles-sora-participa-en-ctrl-el-primer-programa-televisivo-sobre-cultura-en-la-era-del-consumo-y-la-creacion-digital\/","title":{"rendered":"Carles Sora participa en \u00abCTRL\u00bb, el primer programa televisivo sobre cultura en la era del consumo y la creaci\u00f3n digital"},"content":{"rendered":"<p>TV3 estrenar\u00e1 este lunes 6 de diciembre \u00abCTRL\u00bb, un nuevo espacio televisivo centrado exclusivamente en la vertiente digital de la cultura. <strong>Carles Sora<\/strong>, director del Centro de la Imagen y la Tecnolog\u00eda Multimedia de la UPC, tiene un protagonismo especial en este espacio, puesto que es <strong>entrevistado en los cap\u00edtulos 2, 3 y 5<\/strong> de los 7 episodios que tendr\u00e1 en total el programa.<!--more--><\/p>\n<p>\u00ab<span class=\"VIiyi\" lang=\"es\"><span class=\"JLqJ4b ChMk0b\" data-language-for-alternatives=\"es\" data-language-to-translate-into=\"ca\" data-phrase-index=\"0\" data-number-of-phrases=\"4\">CTRL\u00bb explora las posibilidades y oportunidades que ofrecen las <strong>tecnolog\u00edas digitales<\/strong>, tanto en la <strong>creaci\u00f3n<\/strong> como en el <strong>consumo de cultura<\/strong>.<\/span> <span class=\"JLqJ4b ChMk0b\" data-language-for-alternatives=\"es\" data-language-to-translate-into=\"ca\" data-phrase-index=\"1\" data-number-of-phrases=\"4\">Un nuevo espacio televisivo para descubrir una generaci\u00f3n de creadoras y creadores digitales que est\u00e1n cambiando la forma de entender las artes y las letras con el nuevo paradigma transversal de la tecnolog\u00eda, que llega para romper las tradicionales barreras f\u00edsicas, temporales y mentales.<\/span> <span class=\"JLqJ4b ChMk0b\" data-language-for-alternatives=\"es\" data-language-to-translate-into=\"ca\" data-phrase-index=\"2\" data-number-of-phrases=\"4\">\u00abCTRL\u00bb invita a diferentes personalidades del mundo de la m\u00fasica, el cine, los videojuegos, la escena, la gastronom\u00eda y la comunicaci\u00f3n a disfrutar de algunas de estas experiencias innovadoras y comprobar c\u00f3mo la digitalizaci\u00f3n ha redefinido nuestra cultura y nos ha<\/span> <span class=\"JLqJ4b ChMk0b\" data-language-for-alternatives=\"es\" data-language-to-translate-into=\"ca\" data-phrase-index=\"3\" data-number-of-phrases=\"4\">cambiado el modo de entender y disfrutar del mundo<\/span><\/span>.<\/p>\n<p>Estos son los 7 cap\u00edtulos del programa y las fechas de emisi\u00f3n en el Canal 33:<\/p>\n<ul>\n<li><strong>Trencar la barrera del so<\/strong> &#8211; 6 de diciembre, 22:15 h<\/li>\n<li><strong>La pantalla infinita<\/strong> &#8211; 13 de diciembre, 22:15 h<\/li>\n<li><strong>Esborrar la frontera<\/strong> &#8211; 20 de diciembre, 22:15 h<\/li>\n<li><strong>Les noves belles arts<\/strong> &#8211; 27 de diciembre, 22:15 h<\/li>\n<li><strong>Escena h\u00edbrida<\/strong> &#8211; 3 de enero, 22:15 h<\/li>\n<li><strong>Relat punt zero<\/strong> &#8211; 10 de enero, 22:15 h<\/li>\n<li><strong>Un nou renaixement<\/strong> &#8211; 17 de enero, 22:15 h<\/li>\n<\/ul>\n<p><span class=\"VIiyi\" lang=\"es\"><span class=\"JLqJ4b ChMk0b\" data-language-for-alternatives=\"es\" data-language-to-translate-into=\"ca\" data-phrase-index=\"0\" data-number-of-phrases=\"2\">La emisi\u00f3n en directo se realizar\u00e1 cada lunes del pr\u00f3ximo mes y medio, pero en l\u00ednea con los contenidos, la apuesta de la cadena es <em>digital first<\/em>, por lo que todos los cap\u00edtulos estar\u00e1n disponibles desde el 6 de diciembre, a partir de<\/span> <span class=\"JLqJ4b ChMk0b\" data-language-for-alternatives=\"es\" data-language-to-translate-into=\"ca\" data-phrase-index=\"1\" data-number-of-phrases=\"2\">las 22:15 h, en TV3 a la carta<\/span><\/span>.<\/p>\n<p><strong>M\u00e1s informaci\u00f3n:<\/strong><\/p>\n<p><a href=\"https:\/\/www.ccma.cat\/tv3\/ctrl\/\" target=\"_blank\" rel=\"noopener noreferrer\">Espacio \u00abCTRL\u00bb<\/a><\/p>\n<p><strong><em>Teaser <\/em><\/strong><strong>del programa \u00abCTRL\u00bb<\/strong><\/p>\n<p><a href=\"https:\/\/www.youtube.com\/watch?v=9yHrEkXCacY\" target=\"_blank\" rel=\"noopener noreferrer\"><img loading=\"lazy\" decoding=\"async\" class=\"alignleft wp-image-5866\" src=\"https:\/\/www.citm.upc.edu\/blog\/wp-content\/uploads\/2021\/12\/TeasterCRTL-1024x577.jpg\" alt=\"\" width=\"699\" height=\"375\" \/><\/a><\/p>\n<p>&nbsp;<\/p>\n","protected":false},"excerpt":{"rendered":"<p>TV3 estrenar\u00e1 este lunes 6 de diciembre \u00abCTRL\u00bb, un nuevo espacio televisivo centrado exclusivamente en la vertiente digital de la cultura. Carles Sora, director del Centro de la Imagen y la Tecnolog\u00eda Multimedia de la UPC, tiene un protagonismo especial en este espacio, puesto que es entrevistado en los cap\u00edtulos 2, 3 y 5 de &#8230; <a title=\"Carles Sora participa en \u00abCTRL\u00bb, el primer programa televisivo sobre cultura en la era del consumo y la creaci\u00f3n digital\" class=\"read-more\" href=\"https:\/\/www.citm.upc.edu\/blog\/carles-sora-participa-en-ctrl-el-primer-programa-televisivo-sobre-cultura-en-la-era-del-consumo-y-la-creacion-digital\/\" aria-label=\"Read more about Carles Sora participa en \u00abCTRL\u00bb, el primer programa televisivo sobre cultura en la era del consumo y la creaci\u00f3n digital\">Leer m\u00e1s<\/a><\/p>\n","protected":false},"author":2,"featured_media":5867,"comment_status":"closed","ping_status":"closed","sticky":false,"template":"","format":"standard","meta":{"footnotes":""},"categories":[108,17,19],"tags":[528,664,31],"class_list":["post-5873","post","type-post","status-publish","format-standard","has-post-thumbnail","hentry","category-institucional-2","category-multimedia-2","category-videojuegos","tag-cultura-digital","tag-tecnologias-emergentes","tag-videojuegos-2"],"aioseo_notices":[],"_links":{"self":[{"href":"https:\/\/www.citm.upc.edu\/blog\/wp-json\/wp\/v2\/posts\/5873","targetHints":{"allow":["GET"]}}],"collection":[{"href":"https:\/\/www.citm.upc.edu\/blog\/wp-json\/wp\/v2\/posts"}],"about":[{"href":"https:\/\/www.citm.upc.edu\/blog\/wp-json\/wp\/v2\/types\/post"}],"author":[{"embeddable":true,"href":"https:\/\/www.citm.upc.edu\/blog\/wp-json\/wp\/v2\/users\/2"}],"replies":[{"embeddable":true,"href":"https:\/\/www.citm.upc.edu\/blog\/wp-json\/wp\/v2\/comments?post=5873"}],"version-history":[{"count":3,"href":"https:\/\/www.citm.upc.edu\/blog\/wp-json\/wp\/v2\/posts\/5873\/revisions"}],"predecessor-version":[{"id":5877,"href":"https:\/\/www.citm.upc.edu\/blog\/wp-json\/wp\/v2\/posts\/5873\/revisions\/5877"}],"wp:featuredmedia":[{"embeddable":true,"href":"https:\/\/www.citm.upc.edu\/blog\/wp-json\/wp\/v2\/media\/5867"}],"wp:attachment":[{"href":"https:\/\/www.citm.upc.edu\/blog\/wp-json\/wp\/v2\/media?parent=5873"}],"wp:term":[{"taxonomy":"category","embeddable":true,"href":"https:\/\/www.citm.upc.edu\/blog\/wp-json\/wp\/v2\/categories?post=5873"},{"taxonomy":"post_tag","embeddable":true,"href":"https:\/\/www.citm.upc.edu\/blog\/wp-json\/wp\/v2\/tags?post=5873"}],"curies":[{"name":"wp","href":"https:\/\/api.w.org\/{rel}","templated":true}]}}