{"id":63,"date":"2008-05-13T00:00:00","date_gmt":"2008-05-12T22:00:00","guid":{"rendered":"http:\/\/www.citm.upc.edu\/blog\/?p=63"},"modified":"2008-05-13T00:00:00","modified_gmt":"2008-05-12T22:00:00","slug":"estudios-oficiales-de-multimedia-y-fotografia-en-el-citm","status":"publish","type":"post","link":"https:\/\/www.citm.upc.edu\/blog\/estudios-oficiales-de-multimedia-y-fotografia-en-el-citm\/","title":{"rendered":"Estudios oficiales de Multimedia y Fotograf\u00eda en el CITM"},"content":{"rendered":"<p>De hecho, los Planes de Estudio de los t\u00edtulos propios de Multimedia y de Fotograf\u00eda y Creaci\u00f3n Digital del CITM ya est\u00e1n adaptados al EEES desde el a\u00f1o 2005. La propuesta de la UPC significa que los t\u00edtulos propios actuales, de tres a\u00f1os, pasar\u00e1n a ser oficiales y tendr\u00e1n una duraci\u00f3n de cuatro a\u00f1os, como todos los t\u00edtulos de Grado oficiales del estado espa\u00f1ol.<\/p>\n","protected":false},"excerpt":{"rendered":"<p>De hecho, los Planes de Estudio de los t\u00edtulos propios de Multimedia y de Fotograf\u00eda y Creaci\u00f3n Digital del CITM ya est\u00e1n adaptados al EEES desde el a\u00f1o 2005. La propuesta de la UPC significa que los t\u00edtulos propios actuales, de tres a\u00f1os, pasar\u00e1n a ser oficiales y tendr\u00e1n una duraci\u00f3n de cuatro a\u00f1os, como &#8230; <a title=\"Estudios oficiales de Multimedia y Fotograf\u00eda en el CITM\" class=\"read-more\" href=\"https:\/\/www.citm.upc.edu\/blog\/estudios-oficiales-de-multimedia-y-fotografia-en-el-citm\/\" aria-label=\"Read more about Estudios oficiales de Multimedia y Fotograf\u00eda en el CITM\">Leer m\u00e1s<\/a><\/p>\n","protected":false},"author":2,"featured_media":0,"comment_status":"open","ping_status":"open","sticky":false,"template":"","format":"standard","meta":{"footnotes":""},"categories":[1],"tags":[],"class_list":["post-63","post","type-post","status-publish","format-standard","hentry","category-uncategorized"],"aioseo_notices":[],"_links":{"self":[{"href":"https:\/\/www.citm.upc.edu\/blog\/wp-json\/wp\/v2\/posts\/63","targetHints":{"allow":["GET"]}}],"collection":[{"href":"https:\/\/www.citm.upc.edu\/blog\/wp-json\/wp\/v2\/posts"}],"about":[{"href":"https:\/\/www.citm.upc.edu\/blog\/wp-json\/wp\/v2\/types\/post"}],"author":[{"embeddable":true,"href":"https:\/\/www.citm.upc.edu\/blog\/wp-json\/wp\/v2\/users\/2"}],"replies":[{"embeddable":true,"href":"https:\/\/www.citm.upc.edu\/blog\/wp-json\/wp\/v2\/comments?post=63"}],"version-history":[{"count":0,"href":"https:\/\/www.citm.upc.edu\/blog\/wp-json\/wp\/v2\/posts\/63\/revisions"}],"wp:attachment":[{"href":"https:\/\/www.citm.upc.edu\/blog\/wp-json\/wp\/v2\/media?parent=63"}],"wp:term":[{"taxonomy":"category","embeddable":true,"href":"https:\/\/www.citm.upc.edu\/blog\/wp-json\/wp\/v2\/categories?post=63"},{"taxonomy":"post_tag","embeddable":true,"href":"https:\/\/www.citm.upc.edu\/blog\/wp-json\/wp\/v2\/tags?post=63"}],"curies":[{"name":"wp","href":"https:\/\/api.w.org\/{rel}","templated":true}]}}