{"id":6361,"date":"2022-06-20T17:08:09","date_gmt":"2022-06-20T15:08:09","guid":{"rendered":"https:\/\/www.citm.upc.edu\/blog\/?p=6361"},"modified":"2022-07-08T14:22:49","modified_gmt":"2022-07-08T12:22:49","slug":"el-8-de-julio-sigue-el-acto-de-graduacion-del-citm-en-streaming","status":"publish","type":"post","link":"https:\/\/www.citm.upc.edu\/blog\/el-8-de-julio-sigue-el-acto-de-graduacion-del-citm-en-streaming\/","title":{"rendered":"\u00a1El 8 de julio, sigue el Acto de Graduaci\u00f3n CITM en streaming!"},"content":{"rendered":"<p><span class=\"VIiyi\" lang=\"es\"><span class=\"JLqJ4b ChMk0b\" data-language-for-alternatives=\"es\" data-language-to-translate-into=\"ca\" data-phrase-index=\"0\" data-number-of-phrases=\"3\"><span class=\"Q4iAWc\">El viernes 8 de julio se celebrar\u00e1 el acto de graduaci\u00f3n de los alumnos CITM que finalizan estudios este curso acad\u00e9mico 2021-2022.<\/span><\/span> <span class=\"JLqJ4b ChMk0b\" data-language-for-alternatives=\"es\" data-language-to-translate-into=\"ca\" data-phrase-index=\"1\" data-number-of-phrases=\"3\"><span class=\"Q4iAWc\">Nuestros estudiantes comienzan una nueva etapa y queremos celebrarlo en compa\u00f1\u00eda de familiares, amigos, amigas y la comunidad CITM.<\/span><\/span> <span class=\"JLqJ4b ChMk0b\" data-language-for-alternatives=\"es\" data-language-to-translate-into=\"ca\" data-phrase-index=\"2\" data-number-of-phrases=\"3\"><span class=\"Q4iAWc\">El acto ser\u00e1 a las 18.30\u202fh, en el Auditorio del edificio V\u00e8rtex de la UPC (Barcelona). <\/span><\/span><\/span>Aunque est\u00e1 reservado presencialmente para estudiantes y familiares, cualquier persona interesada tambi\u00e9n podr\u00e1 seguirlo <strong>en directo por <em>streaming<\/em><\/strong>. <!--more--><\/p>\n<p><a href=\"https:\/\/www.citm.upc.edu\/blog\/wp-content\/uploads\/2022\/06\/61215.png\"><img loading=\"lazy\" decoding=\"async\" class=\"alignleft size-medium wp-image-6365\" src=\"https:\/\/www.citm.upc.edu\/blog\/wp-content\/uploads\/2022\/06\/61215-300x157.png\" alt=\"\" width=\"300\" height=\"157\" srcset=\"https:\/\/www.citm.upc.edu\/blog\/wp-content\/uploads\/2022\/06\/61215-300x157.png 300w, https:\/\/www.citm.upc.edu\/blog\/wp-content\/uploads\/2022\/06\/61215-1024x536.png 1024w, https:\/\/www.citm.upc.edu\/blog\/wp-content\/uploads\/2022\/06\/61215-768x402.png 768w, https:\/\/www.citm.upc.edu\/blog\/wp-content\/uploads\/2022\/06\/61215.png 1200w\" sizes=\"auto, (max-width: 300px) 100vw, 300px\" \/><\/a><span class=\"VIiyi\" lang=\"es\"><span class=\"JLqJ4b ChMk0b\" data-language-for-alternatives=\"es\" data-language-to-translate-into=\"ca\" data-phrase-index=\"0\" data-number-of-phrases=\"4\"><span class=\"Q4iAWc\">El <strong>padrino del acto<\/strong>, quien realizar\u00e1 la intervenci\u00f3n central, es <strong>Sa\u00fcl Gasc\u00f3n<\/strong>.<\/span><\/span> <span class=\"JLqJ4b ChMk0b\" data-language-for-alternatives=\"es\" data-language-to-translate-into=\"ca\" data-phrase-index=\"1\" data-number-of-phrases=\"4\"><span class=\"Q4iAWc\">Sa\u00fcl es desarrollador de videojuegos, productor ejecutivo de Hexworks y <em>alumni<\/em> del CITM y nos compartir\u00e1 su extraordinaria trayectoria, tanto con el p\u00fablico presente como aquellos que sigan el acto en l\u00ednea.<\/span><\/span> <span class=\"JLqJ4b ChMk0b\" data-language-for-alternatives=\"es\" data-language-to-translate-into=\"ca\" data-phrase-index=\"2\" data-number-of-phrases=\"4\"><span class=\"Q4iAWc\">Otros exalumnos de reciente graduaci\u00f3n tambi\u00e9n nos acompa\u00f1ar\u00e1n, as\u00ed como el estudiantado que se grad\u00faa este a\u00f1o.<\/span><\/span> <span class=\"JLqJ4b ChMk0b\" data-language-for-alternatives=\"es\" data-language-to-translate-into=\"ca\" data-phrase-index=\"3\" data-number-of-phrases=\"4\"><span class=\"Q4iAWc\">Las diferentes intervenciones nos invitar\u00e1n a compartir experiencias del paso de los alumnos\/as por el Centro, as\u00ed como casos de \u00e9xito de estudiantes de la anterior promoci\u00f3n<\/span><\/span><\/span>.<\/p>\n<p>Ap\u00fantate para conseguir el <a href=\"https:\/\/www.citm.upc.edu\/esp\/agenda\/2022\/07\/08\/acte-de-graduacio-citm-del-curs-2021-2022-en-linia\/3208\/assistir\/\" target=\"_blank\" rel=\"noopener\"><strong>enlace de YouTube para seguir el acto en directo<\/strong><\/a>.<\/p>\n<p><span class=\"VIiyi\" lang=\"es\"><span class=\"JLqJ4b ChMk0b\" data-language-for-alternatives=\"es\" data-language-to-translate-into=\"ca\" data-phrase-index=\"0\" data-number-of-phrases=\"2\"><span class=\"Q4iAWc\">Despu\u00e9s del acto, donde se repartir\u00e1 un diploma conmemorativo, los asistentes podr\u00e1n disfrutar de una recepci\u00f3n en el jard\u00edn del edificio.<\/span><\/span> <span class=\"JLqJ4b ChMk0b\" data-language-for-alternatives=\"es\" data-language-to-translate-into=\"ca\" data-phrase-index=\"1\" data-number-of-phrases=\"2\"><span class=\"Q4iAWc\">Esperamos que sea la celebraci\u00f3n especial que la ocasi\u00f3n merece y que con un aire festivo disfrutemos de la finalizaci\u00f3n de los estudios con la ilusi\u00f3n por la nueva etapa que comienza.<br \/>\n<\/span><\/span><\/span><\/p>\n<p>\u00bfQuieres recordar c\u00f3mo fue la gran fiesta de graduaci\u00f3n del a\u00f1o pasado? \u00a1Aqu\u00ed puedes ver el v\u00eddeo resumen!<\/p>\n<p><a href=\"https:\/\/vimeo.com\/574322076\" target=\"_blank\" rel=\"noopener\"><img loading=\"lazy\" decoding=\"async\" class=\"alignleft wp-image-6366\" src=\"https:\/\/www.citm.upc.edu\/blog\/wp-content\/uploads\/2022\/06\/GraduacioCITM2021.png\" alt=\"\" width=\"762\" height=\"433\" \/><\/a><\/p>\n<p>&nbsp;<\/p>\n","protected":false},"excerpt":{"rendered":"<p>El viernes 8 de julio se celebrar\u00e1 el acto de graduaci\u00f3n de los alumnos CITM que finalizan estudios este curso acad\u00e9mico 2021-2022. Nuestros estudiantes comienzan una nueva etapa y queremos celebrarlo en compa\u00f1\u00eda de familiares, amigos, amigas y la comunidad CITM. El acto ser\u00e1 a las 18.30\u202fh, en el Auditorio del edificio V\u00e8rtex de la &#8230; <a title=\"\u00a1El 8 de julio, sigue el Acto de Graduaci\u00f3n CITM en streaming!\" class=\"read-more\" href=\"https:\/\/www.citm.upc.edu\/blog\/el-8-de-julio-sigue-el-acto-de-graduacion-del-citm-en-streaming\/\" aria-label=\"Read more about \u00a1El 8 de julio, sigue el Acto de Graduaci\u00f3n CITM en streaming!\">Leer m\u00e1s<\/a><\/p>\n","protected":false},"author":2,"featured_media":6367,"comment_status":"closed","ping_status":"closed","sticky":false,"template":"","format":"standard","meta":{"footnotes":""},"categories":[23,108,17,1,19],"tags":[407,506,292,310],"class_list":["post-6361","post","type-post","status-publish","format-standard","has-post-thumbnail","hentry","category-animacion-digital","category-institucional-2","category-multimedia-2","category-uncategorized","category-videojuegos","tag-acto-de-graduacion","tag-acto-de-graduacion-citm","tag-fiesta-de-graduacion","tag-graduacion-citm"],"aioseo_notices":[],"_links":{"self":[{"href":"https:\/\/www.citm.upc.edu\/blog\/wp-json\/wp\/v2\/posts\/6361","targetHints":{"allow":["GET"]}}],"collection":[{"href":"https:\/\/www.citm.upc.edu\/blog\/wp-json\/wp\/v2\/posts"}],"about":[{"href":"https:\/\/www.citm.upc.edu\/blog\/wp-json\/wp\/v2\/types\/post"}],"author":[{"embeddable":true,"href":"https:\/\/www.citm.upc.edu\/blog\/wp-json\/wp\/v2\/users\/2"}],"replies":[{"embeddable":true,"href":"https:\/\/www.citm.upc.edu\/blog\/wp-json\/wp\/v2\/comments?post=6361"}],"version-history":[{"count":11,"href":"https:\/\/www.citm.upc.edu\/blog\/wp-json\/wp\/v2\/posts\/6361\/revisions"}],"predecessor-version":[{"id":6383,"href":"https:\/\/www.citm.upc.edu\/blog\/wp-json\/wp\/v2\/posts\/6361\/revisions\/6383"}],"wp:featuredmedia":[{"embeddable":true,"href":"https:\/\/www.citm.upc.edu\/blog\/wp-json\/wp\/v2\/media\/6367"}],"wp:attachment":[{"href":"https:\/\/www.citm.upc.edu\/blog\/wp-json\/wp\/v2\/media?parent=6361"}],"wp:term":[{"taxonomy":"category","embeddable":true,"href":"https:\/\/www.citm.upc.edu\/blog\/wp-json\/wp\/v2\/categories?post=6361"},{"taxonomy":"post_tag","embeddable":true,"href":"https:\/\/www.citm.upc.edu\/blog\/wp-json\/wp\/v2\/tags?post=6361"}],"curies":[{"name":"wp","href":"https:\/\/api.w.org\/{rel}","templated":true}]}}