{"id":644,"date":"2008-05-29T00:00:00","date_gmt":"2008-05-28T22:00:00","guid":{"rendered":"http:\/\/www.citm.upc.edu\/blog\/?p=644"},"modified":"2008-05-29T00:00:00","modified_gmt":"2008-05-28T22:00:00","slug":"el-nepal-a-traves-de-lobjectiu-deduardo-matas","status":"publish","type":"post","link":"https:\/\/www.citm.upc.edu\/blog\/el-nepal-a-traves-de-lobjectiu-deduardo-matas\/?lang=ca","title":{"rendered":"El Nepal a trav\u00e9s de l&#8217;objectiu d&#8217;Eduardo Matas"},"content":{"rendered":"<p>L&#8217;exposici\u00f3 fotogr\u00e0fica &#8216;Nepal 2064. Dues realitats davant el desenvolupament&#8217; \u00e9s resultat del treball d&#8217;immersi\u00f3 que el fot\u00f2graf Eduardo Matas ha dut a terme en aquest pa\u00eds asi\u00e0tic amb el suport i l&#8217;assessorament de l&#8217;Associaci\u00f3 Amics del Nepal. Matas es va despla\u00e7ar durant quatre mesos al Nepal per retratar la realitat social de les bases m\u00e9s pobres del camp i de la ciutat. <\/p>\n<p>Les fotografies es complementen amb una confer\u00e8ncia i amb textos explicatius i sons del Nepal, que acompanyen al p\u00fablic per tot el recorregut de l&#8217;exposici\u00f3. <\/p>\n<p>La mostra s&#8217;inaugura el 7 de juny, a les 18.30h, a la seu d&#8217;Amics del Nepal, i estar\u00e0 oberta fins al dia 24 de juny.<\/p>\n<p>Amics del Nepal<br \/>\nCarrer Diputaci\u00f3 296 baixos<br \/>\nBarcelona<\/p>\n<p>Del 26 de juny al 31 de juliol, Nepal 2064 ser\u00e0 a Pamplona:<\/p>\n<p>Universidad P\u00fablica de Navarra<br \/>\nVest\u00edbul de El Sario<br \/>\nCampus de Arrosad\u00eda<br \/>\nPamplona<\/p>\n","protected":false},"excerpt":{"rendered":"<p>L&#8217;exposici\u00f3 fotogr\u00e0fica &#8216;Nepal 2064. Dues realitats davant el desenvolupament&#8217; \u00e9s resultat del treball d&#8217;immersi\u00f3 que el fot\u00f2graf Eduardo Matas ha dut a terme en aquest pa\u00eds asi\u00e0tic amb el suport i l&#8217;assessorament de l&#8217;Associaci\u00f3 Amics del Nepal. Matas es va despla\u00e7ar durant quatre mesos al Nepal per retratar la realitat social de les bases m\u00e9s &#8230; <a title=\"El Nepal a trav\u00e9s de l&#8217;objectiu d&#8217;Eduardo Matas\" class=\"read-more\" href=\"https:\/\/www.citm.upc.edu\/blog\/el-nepal-a-traves-de-lobjectiu-deduardo-matas\/?lang=ca\" aria-label=\"Read more about El Nepal a trav\u00e9s de l&#8217;objectiu d&#8217;Eduardo Matas\">Leer m\u00e1s<\/a><\/p>\n","protected":false},"author":2,"featured_media":0,"comment_status":"open","ping_status":"open","sticky":false,"template":"","format":"standard","meta":{"footnotes":""},"categories":[1],"tags":[],"class_list":["post-644","post","type-post","status-publish","format-standard","hentry","category-uncategorized"],"aioseo_notices":[],"_links":{"self":[{"href":"https:\/\/www.citm.upc.edu\/blog\/wp-json\/wp\/v2\/posts\/644","targetHints":{"allow":["GET"]}}],"collection":[{"href":"https:\/\/www.citm.upc.edu\/blog\/wp-json\/wp\/v2\/posts"}],"about":[{"href":"https:\/\/www.citm.upc.edu\/blog\/wp-json\/wp\/v2\/types\/post"}],"author":[{"embeddable":true,"href":"https:\/\/www.citm.upc.edu\/blog\/wp-json\/wp\/v2\/users\/2"}],"replies":[{"embeddable":true,"href":"https:\/\/www.citm.upc.edu\/blog\/wp-json\/wp\/v2\/comments?post=644"}],"version-history":[{"count":0,"href":"https:\/\/www.citm.upc.edu\/blog\/wp-json\/wp\/v2\/posts\/644\/revisions"}],"wp:attachment":[{"href":"https:\/\/www.citm.upc.edu\/blog\/wp-json\/wp\/v2\/media?parent=644"}],"wp:term":[{"taxonomy":"category","embeddable":true,"href":"https:\/\/www.citm.upc.edu\/blog\/wp-json\/wp\/v2\/categories?post=644"},{"taxonomy":"post_tag","embeddable":true,"href":"https:\/\/www.citm.upc.edu\/blog\/wp-json\/wp\/v2\/tags?post=644"}],"curies":[{"name":"wp","href":"https:\/\/api.w.org\/{rel}","templated":true}]}}