{"id":6442,"date":"2022-07-06T10:20:38","date_gmt":"2022-07-06T08:20:38","guid":{"rendered":"https:\/\/www.citm.upc.edu\/blog\/?p=6442"},"modified":"2022-07-06T10:38:26","modified_gmt":"2022-07-06T08:38:26","slug":"el-digital-impulse-hub-rep-el-seal-of-excellence-per-part-de-la-comissio-europea","status":"publish","type":"post","link":"https:\/\/www.citm.upc.edu\/blog\/el-digital-impulse-hub-rep-el-seal-of-excellence-per-part-de-la-comissio-europea\/?lang=ca","title":{"rendered":"El Digital Impulse Hub rep el &#8216;Seal of Excellence&#8217; per part de la Comissi\u00f3 Europea"},"content":{"rendered":"<p>El <strong><a href=\"https:\/\/www.digitalimpulsehub.eu\/\" target=\"_blank\" rel=\"noopener\">Digital Impulse Hub (DIH)<\/a><\/strong>, coimpulsat pel CITM, ha rebut el \u00abSeal of Excellence\u00bb per part de la Comissi\u00f3 Europea per formar part de la xarxa European Digital Innovation Hubs (EDIHs) del <a href=\"https:\/\/digital-strategy.ec.europa.eu\/en\/activities\/digital-programme\" target=\"_blank\" rel=\"noopener\">Digital Europe Programme<\/a>. Amb una puntuaci\u00f3 de 13 sobre 15 punts, suposa la qualificaci\u00f3 de \u00abprojecte d\u2019alta qualitat\u00bb per part de la Comissi\u00f3 Europea, i situa el DIH com a membre de ple dret de la xarxa de <em>hubs<\/em> digitals. Aix\u00ed, el DIH t\u00e9 el dret de participar en les convocat\u00f2ries restringides del Digital Europe Programme.<!--more--><\/p>\n<p><em>Font: Digital Impulse Hub<\/em><\/p>\n<p>El Digital Impulse Hub (DIH) ha estat fruit d\u2019una iniciativa de col\u00b7laboraci\u00f3 publicoprivada sense precedents, amb l\u2019objectiu d\u2019impulsar la transformaci\u00f3 digital, la digitalitzaci\u00f3 de la ind\u00fastria i el comer\u00e7, l\u2019administraci\u00f3 local, la formaci\u00f3, el creixement d\u2019<em>startups<\/em> digitals, la innovaci\u00f3 i la competitivitat internacional de les pimes.<\/p>\n<p>Els socis fundadors del DIH s\u00f3n la Universitat Polit\u00e8cnica de Catalunya (UPC) i el Centre de la Imatge i la Tecnologia Multim\u00e8dia, la Universitat Oberta de Catalunya, el Consorci Localret, els Ajuntaments de Terrassa, Rub\u00ed i Sant Cugat del Vall\u00e8s, el Consell General de Cambres de Catalunya i la Cambra de Terrassa.<\/p>\n<p><strong>Resoluci\u00f3: El DIH, un projecte consolidat i que contribuir\u00e0 als objectius de digitalitzaci\u00f3 de la UE<\/strong><\/p>\n<p>La resoluci\u00f3 de la Comissi\u00f3 Europea destaca el DIH com a projecte consolidat, que s\u2019adapta amb totalitat als objectius dels requisits de la convocat\u00f2ria del Digital Europe Programme per contribuir al progr\u00e9s en la digitalitzaci\u00f3 de les empreses i les administracions catalanes. Aix\u00ed, la Comissi\u00f3 Europea remarca que el DIH contribuir\u00e0 a complir els objectius de digitalitzaci\u00f3 de la Uni\u00f3 Europea en totes les seves vessants d\u2019actuaci\u00f3.<\/p>\n<p>Tamb\u00e9 han estat molt ben valorades les aliances establertes entre els diferents socis del Digital Impulse Hub, professionals i amb experi\u00e8ncia en digitalitzaci\u00f3 i innovaci\u00f3, aix\u00ed com la capacitat de planificaci\u00f3 i distribuci\u00f3 de rols adient al pla d\u2019actuaci\u00f3 de la Uni\u00f3 Europea en mat\u00e8ria de digitalitzaci\u00f3.<\/p>\n<p>Tot i les altes qualificacions, les restriccions pressupost\u00e0ries per distribuci\u00f3 territorial d\u2019aquesta convocat\u00f2ria provoquen que el Digital Impulse Hub no rebi finan\u00e7ament directe de la Comissi\u00f3 Europea, que a Catalunya rebr\u00e0 el projecte DIH4CAT, liderat per la Generalitat de Catalunya. Aix\u00ed, la Comissi\u00f3 Europea ha empla\u00e7at els socis fundadors del Digital Impulse Hub a obtenir d\u2019altres fonts de finan\u00e7ament amb la recomanaci\u00f3 expl\u00edcita de les autoritats europees per aconseguir-la a trav\u00e9s de fons alternatius estatals provinents dels fons Next Generation.<\/p>\n<p>En aquest sentit, els membres fundadors del Digital Impulse Hub ja han iniciat els tr\u00e0mits per poder comptar amb el finan\u00e7ament estatal, que el Ministeri d\u2019Assumptes Econ\u00f2mics i Transformaci\u00f3 Digital es va comprometre a aportar per als DIHs reconeguts per la xarxa europea, que complissin amb els requisits de la convocat\u00f2ria i del tall marcat per la Comissi\u00f3 Europea. Aquests fons de qu\u00e8 disposa el Ministeri, provinents dels Fons Estructurals i d\u2019Inversi\u00f3 Europeus (ESIF) o dels Fons de Recuperaci\u00f3 i Resili\u00e8ncia (RRF), s\u00f3n programes operatius que estan destinats a finan\u00e7ar centres d\u2019innovaci\u00f3 digitals addicionals a Europa.<\/p>\n<p><strong>Les entitats col\u00b7laboradores<\/strong><\/p>\n<p><strong>\u00a0<\/strong>A m\u00e9s de les entitats fundadores, l\u2019ecosistema del Digital Impulse Hub compta amb les seg\u00fcents entitats com a col\u00b7laboradores: Ajuntament de Sant Feliu de Llobregat, Ajuntament de Tarragona, CaixaBank, Cl\u00faster Audiovisual de Catalunya, Comertia, Datision, EdutechCluster, Enterprise Europe Network (EEN), GenTIC, GFT, IMANcorp Foundation, La Salle Universitat Ramon Llull, Ricoh, Seed&amp;Click!, TecnoCampus, Telef\u00f3nica, Universitat de Girona i Universitat Rovira i Virgili.<\/p>\n<p>A m\u00e9s, el Digital Impulse Hub compta amb la seg\u00fcent xarxa internacional de col\u00b7laboradors: Digital Accelerator of Latvia (Let\u00f2nia), Digital Innovation Zone Romania (Romania), EDIH HPC-DA (Alemanya), EDIH ON (Alemanya), EDIH4URBANSAVE Hamburg (Alemanya), EDITH South Hesse (Alemanya), EDTech Station (B\u00e8lgica), GRdigiGOV (Gr\u00e8cia), Rebrain Western Greece (Gr\u00e8cia) i Smart Secure Cities (Pol\u00f2nia).<\/p>\n","protected":false},"excerpt":{"rendered":"<p>El Digital Impulse Hub (DIH), coimpulsat pel CITM, ha rebut el \u00abSeal of Excellence\u00bb per part de la Comissi\u00f3 Europea per formar part de la xarxa European Digital Innovation Hubs (EDIHs) del Digital Europe Programme. Amb una puntuaci\u00f3 de 13 sobre 15 punts, suposa la qualificaci\u00f3 de \u00abprojecte d\u2019alta qualitat\u00bb per part de la Comissi\u00f3 &#8230; <a title=\"El Digital Impulse Hub rep el &#8216;Seal of Excellence&#8217; per part de la Comissi\u00f3 Europea\" class=\"read-more\" href=\"https:\/\/www.citm.upc.edu\/blog\/el-digital-impulse-hub-rep-el-seal-of-excellence-per-part-de-la-comissio-europea\/?lang=ca\" aria-label=\"Read more about El Digital Impulse Hub rep el &#8216;Seal of Excellence&#8217; per part de la Comissi\u00f3 Europea\">Leer m\u00e1s<\/a><\/p>\n","protected":false},"author":2,"featured_media":6444,"comment_status":"closed","ping_status":"closed","sticky":false,"template":"","format":"standard","meta":{"footnotes":""},"categories":[104],"tags":[786],"class_list":["post-6442","post","type-post","status-publish","format-standard","has-post-thumbnail","hentry","category-institucional","tag-digital-hub"],"aioseo_notices":[],"_links":{"self":[{"href":"https:\/\/www.citm.upc.edu\/blog\/wp-json\/wp\/v2\/posts\/6442","targetHints":{"allow":["GET"]}}],"collection":[{"href":"https:\/\/www.citm.upc.edu\/blog\/wp-json\/wp\/v2\/posts"}],"about":[{"href":"https:\/\/www.citm.upc.edu\/blog\/wp-json\/wp\/v2\/types\/post"}],"author":[{"embeddable":true,"href":"https:\/\/www.citm.upc.edu\/blog\/wp-json\/wp\/v2\/users\/2"}],"replies":[{"embeddable":true,"href":"https:\/\/www.citm.upc.edu\/blog\/wp-json\/wp\/v2\/comments?post=6442"}],"version-history":[{"count":3,"href":"https:\/\/www.citm.upc.edu\/blog\/wp-json\/wp\/v2\/posts\/6442\/revisions"}],"predecessor-version":[{"id":6449,"href":"https:\/\/www.citm.upc.edu\/blog\/wp-json\/wp\/v2\/posts\/6442\/revisions\/6449"}],"wp:featuredmedia":[{"embeddable":true,"href":"https:\/\/www.citm.upc.edu\/blog\/wp-json\/wp\/v2\/media\/6444"}],"wp:attachment":[{"href":"https:\/\/www.citm.upc.edu\/blog\/wp-json\/wp\/v2\/media?parent=6442"}],"wp:term":[{"taxonomy":"category","embeddable":true,"href":"https:\/\/www.citm.upc.edu\/blog\/wp-json\/wp\/v2\/categories?post=6442"},{"taxonomy":"post_tag","embeddable":true,"href":"https:\/\/www.citm.upc.edu\/blog\/wp-json\/wp\/v2\/tags?post=6442"}],"curies":[{"name":"wp","href":"https:\/\/api.w.org\/{rel}","templated":true}]}}