{"id":6723,"date":"2022-11-15T11:32:32","date_gmt":"2022-11-15T10:32:32","guid":{"rendered":"https:\/\/www.citm.upc.edu\/blog\/?p=6723"},"modified":"2022-11-15T11:34:31","modified_gmt":"2022-11-15T10:34:31","slug":"la-professora-del-citm-lola-lapaz-membre-de-lacademia-del-cinema-catala","status":"publish","type":"post","link":"https:\/\/www.citm.upc.edu\/blog\/la-professora-del-citm-lola-lapaz-membre-de-lacademia-del-cinema-catala\/?lang=ca","title":{"rendered":"La professora del CITM Lola Lapaz, membre de l&#8217;Acad\u00e8mia del Cinema Catal\u00e0"},"content":{"rendered":"<p><strong>Lola Lapaz<\/strong>, professora col\u00b7laboradora del grau en Multim\u00e8dia, ha ingressat recentment com a <strong>membre de l&#8217;Acad\u00e8mia del Cinema Catal\u00e0<\/strong>. Lola va estar present a la festa de presentaci\u00f3 de candidates als XV Premis Gaud\u00ed, ja que ha participat en l\u2019equip de producci\u00f3 de la pel\u00b7l\u00edcula <em>L&#8217;\u00daltim Salt<\/em> (Nando Caballero, 2022). Aquest llargmetratge opta al premi de millor pel\u00b7l\u00edcula en llengua catalana.<!--more--><\/p>\n<p>La traject\u00f2ria de Lola Lapaz ha estat sempre molt vinculada al m\u00f3n del cinema. \u00c9s experta en narrativa i gui\u00f3 audiovisual. Ha publicat llibres sobre an\u00e0lisi liter\u00e0ria, cinematogr\u00e0fica i relacionada amb videoclips. El 2018 va dirigir el <strong>documental musical \u2018Champ\u00e1n para todos\u2019<\/strong>, centrat en la <strong>figura de Sergio Algora<\/strong> (1969-2008), m\u00fasic i escriptor aragon\u00e8s que va formar part de grups com El Ni\u00f1o Gusano, Muy Poca Gente i La Costa Brava. Tamb\u00e9 \u00e9s membre de l\u2019associaci\u00f3 Dones Visuals i ha col\u00b7laborat amb l&#8217;equip de guionistes de El Terrat Produccions. L&#8217;any 2021 va ser seleccionada en el programa CIMA Mentoring 1to1 per donar impuls al seu pr\u00f2xim documental.<\/p>\n<p>L&#8217;<strong><a href=\"https:\/\/www.academiadelcinema.cat\/ca\/\" target=\"_blank\" rel=\"noopener\">Acad\u00e8mia del Cinema Catal\u00e0<\/a><\/strong> \u00e9s una associaci\u00f3 sense \u00e0nim de lucre creada per aglutinar tot el sector cinematogr\u00e0fic catal\u00e0 dins d&#8217;una entitat catalana solvent i de prestigi. \u00c9s membre de la Film Academies Network of Europe de l&#8217;European Film Academy.\u00a0 L&#8217;Acad\u00e8mia del Cinema Catal\u00e0 organitza i atorga els premis anuals per difondre i promocionar les millors pel\u00b7l\u00edcules, artistes i t\u00e8cnics del sector cinematogr\u00e0fic catal\u00e0, els <strong>Premis Gaud\u00ed<\/strong>, la pr\u00f2xima edici\u00f3 dels quals se celebrar\u00e0 el 22 de gener de 2023.<\/p>\n<p>Enhorabona, Lola!<\/p>\n","protected":false},"excerpt":{"rendered":"<p>Lola Lapaz, professora col\u00b7laboradora del grau en Multim\u00e8dia, ha ingressat recentment com a membre de l&#8217;Acad\u00e8mia del Cinema Catal\u00e0. Lola va estar present a la festa de presentaci\u00f3 de candidates als XV Premis Gaud\u00ed, ja que ha participat en l\u2019equip de producci\u00f3 de la pel\u00b7l\u00edcula L&#8217;\u00daltim Salt (Nando Caballero, 2022). Aquest llargmetratge opta al premi &#8230; <a title=\"La professora del CITM Lola Lapaz, membre de l&#8217;Acad\u00e8mia del Cinema Catal\u00e0\" class=\"read-more\" href=\"https:\/\/www.citm.upc.edu\/blog\/la-professora-del-citm-lola-lapaz-membre-de-lacademia-del-cinema-catala\/?lang=ca\" aria-label=\"Read more about La professora del CITM Lola Lapaz, membre de l&#8217;Acad\u00e8mia del Cinema Catal\u00e0\">Leer m\u00e1s<\/a><\/p>\n","protected":false},"author":2,"featured_media":6724,"comment_status":"closed","ping_status":"closed","sticky":false,"template":"","format":"standard","meta":{"footnotes":""},"categories":[108,911],"tags":[450,598,912,660,465,207],"class_list":["post-6723","post","type-post","status-publish","format-standard","has-post-thumbnail","hentry","category-institucional-2","category-professorat","tag-cinema","tag-cinema-documental","tag-guio-audiovisual","tag-narrativa","tag-narrativa-audiovisual","tag-professorat-citm"],"aioseo_notices":[],"_links":{"self":[{"href":"https:\/\/www.citm.upc.edu\/blog\/wp-json\/wp\/v2\/posts\/6723","targetHints":{"allow":["GET"]}}],"collection":[{"href":"https:\/\/www.citm.upc.edu\/blog\/wp-json\/wp\/v2\/posts"}],"about":[{"href":"https:\/\/www.citm.upc.edu\/blog\/wp-json\/wp\/v2\/types\/post"}],"author":[{"embeddable":true,"href":"https:\/\/www.citm.upc.edu\/blog\/wp-json\/wp\/v2\/users\/2"}],"replies":[{"embeddable":true,"href":"https:\/\/www.citm.upc.edu\/blog\/wp-json\/wp\/v2\/comments?post=6723"}],"version-history":[{"count":3,"href":"https:\/\/www.citm.upc.edu\/blog\/wp-json\/wp\/v2\/posts\/6723\/revisions"}],"predecessor-version":[{"id":6727,"href":"https:\/\/www.citm.upc.edu\/blog\/wp-json\/wp\/v2\/posts\/6723\/revisions\/6727"}],"wp:featuredmedia":[{"embeddable":true,"href":"https:\/\/www.citm.upc.edu\/blog\/wp-json\/wp\/v2\/media\/6724"}],"wp:attachment":[{"href":"https:\/\/www.citm.upc.edu\/blog\/wp-json\/wp\/v2\/media?parent=6723"}],"wp:term":[{"taxonomy":"category","embeddable":true,"href":"https:\/\/www.citm.upc.edu\/blog\/wp-json\/wp\/v2\/categories?post=6723"},{"taxonomy":"post_tag","embeddable":true,"href":"https:\/\/www.citm.upc.edu\/blog\/wp-json\/wp\/v2\/tags?post=6723"}],"curies":[{"name":"wp","href":"https:\/\/api.w.org\/{rel}","templated":true}]}}