{"id":673,"date":"2009-11-11T00:00:00","date_gmt":"2009-11-10T23:00:00","guid":{"rendered":"http:\/\/www.citm.upc.edu\/blog\/?p=673"},"modified":"2009-11-11T00:00:00","modified_gmt":"2009-11-10T23:00:00","slug":"lalumne-de-4art-de-fotografia-david-cabrera-finalista-junior-dels-premis-lux-2009","status":"publish","type":"post","link":"https:\/\/www.citm.upc.edu\/blog\/lalumne-de-4art-de-fotografia-david-cabrera-finalista-junior-dels-premis-lux-2009\/?lang=ca","title":{"rendered":"L&#8217;alumne de 4art de Fotografia, David Cabrera, finalista JUNIOR dels premis LUX 2009"},"content":{"rendered":"<p>El Jurat de la 17\u00aa edici\u00f3 del Premi Nacional de Fotografia Professional LUX 2009, ha seleccionat com a finalista l&#8217;obra \u00abMundo Tattoo\u00bb, de l&#8217;alumne de 4art curs de Fotografia i Creaci\u00f3 Digital del CITM, David Cabrera, dins de la categoria Junior. El veredicte es far\u00e0 p\u00fablic dijous dia 8 d&#8217;Octubre de 2009 a la cerim\u00f2nia d&#8217;entrega de premis que es celebrar\u00e0 al Palau de Congresos de Barcelona. Dins de la categoria Junior, les obres seleccionades i guardonades seran publicades en el Llibre LUX 2009. Aquesta categoria permet participar a alumnes matriculats en les escoles de fotografia a nivell nacional: tema lliure, valorant principalment com s&#8217;ha abordat i tractat la t\u00e8cnica i est\u00e8ticament el tema. La s\u00e8rie presentada es titula \u00abMundo Tatto\u00bb i consta de 4 retrats.<\/p>\n","protected":false},"excerpt":{"rendered":"<p>El Jurat de la 17\u00aa edici\u00f3 del Premi Nacional de Fotografia Professional LUX 2009, ha seleccionat com a finalista l&#8217;obra \u00abMundo Tattoo\u00bb, de l&#8217;alumne de 4art curs de Fotografia i Creaci\u00f3 Digital del CITM, David Cabrera, dins de la categoria Junior. El veredicte es far\u00e0 p\u00fablic dijous dia 8 d&#8217;Octubre de 2009 a la cerim\u00f2nia &#8230; <a title=\"L&#8217;alumne de 4art de Fotografia, David Cabrera, finalista JUNIOR dels premis LUX 2009\" class=\"read-more\" href=\"https:\/\/www.citm.upc.edu\/blog\/lalumne-de-4art-de-fotografia-david-cabrera-finalista-junior-dels-premis-lux-2009\/?lang=ca\" aria-label=\"Read more about L&#8217;alumne de 4art de Fotografia, David Cabrera, finalista JUNIOR dels premis LUX 2009\">Leer m\u00e1s<\/a><\/p>\n","protected":false},"author":2,"featured_media":0,"comment_status":"open","ping_status":"open","sticky":false,"template":"","format":"standard","meta":{"footnotes":""},"categories":[1],"tags":[],"class_list":["post-673","post","type-post","status-publish","format-standard","hentry","category-uncategorized"],"aioseo_notices":[],"_links":{"self":[{"href":"https:\/\/www.citm.upc.edu\/blog\/wp-json\/wp\/v2\/posts\/673","targetHints":{"allow":["GET"]}}],"collection":[{"href":"https:\/\/www.citm.upc.edu\/blog\/wp-json\/wp\/v2\/posts"}],"about":[{"href":"https:\/\/www.citm.upc.edu\/blog\/wp-json\/wp\/v2\/types\/post"}],"author":[{"embeddable":true,"href":"https:\/\/www.citm.upc.edu\/blog\/wp-json\/wp\/v2\/users\/2"}],"replies":[{"embeddable":true,"href":"https:\/\/www.citm.upc.edu\/blog\/wp-json\/wp\/v2\/comments?post=673"}],"version-history":[{"count":0,"href":"https:\/\/www.citm.upc.edu\/blog\/wp-json\/wp\/v2\/posts\/673\/revisions"}],"wp:attachment":[{"href":"https:\/\/www.citm.upc.edu\/blog\/wp-json\/wp\/v2\/media?parent=673"}],"wp:term":[{"taxonomy":"category","embeddable":true,"href":"https:\/\/www.citm.upc.edu\/blog\/wp-json\/wp\/v2\/categories?post=673"},{"taxonomy":"post_tag","embeddable":true,"href":"https:\/\/www.citm.upc.edu\/blog\/wp-json\/wp\/v2\/tags?post=673"}],"curies":[{"name":"wp","href":"https:\/\/api.w.org\/{rel}","templated":true}]}}