{"id":684,"date":"2010-05-31T00:00:00","date_gmt":"2010-05-30T22:00:00","guid":{"rendered":"http:\/\/www.citm.upc.edu\/blog\/?p=684"},"modified":"2010-05-31T00:00:00","modified_gmt":"2010-05-30T22:00:00","slug":"the-wrong-path-seleccionat-per-al-select-dindex-book","status":"publish","type":"post","link":"https:\/\/www.citm.upc.edu\/blog\/the-wrong-path-seleccionat-per-al-select-dindex-book\/?lang=ca","title":{"rendered":"\u00abThe Wrong Path\u00bb seleccionat per al Select d&#8217;Index Book"},"content":{"rendered":"<p><a class=\"link\" href=\"http:\/\/www.martipujol.com\/thewrongpath\/watch_ct.html\" rel=\"nofollow\" title=\" \"The Wrong Path\"  \" onclick=\"window.open(this.href,'','resizable=yes,width=800,height=600,left=50,top=50,location=yes,menubar=yes,personalbar=yes,scrollbars=yes,status=yes,toolbar=yes');return false;\"> \u00abThe Wrong Path\u00bb<\/a> \u00e9s un curtmetratge d&#8217;animaci\u00f3 3D de 7&#8217;46 minuts. Explica la hist\u00f2ria d&#8217;un home que viu a\u00efllat de la civilitzaci\u00f3 i que t\u00e9 veritables problemes per llevar-se a temps per agafar l&#8217;autob\u00fas. Desesperat, concep un pla per poder assolir el seu objectiu.<\/p>\n<p>Mart\u00ed Pujol ha treballat durant uns 6 mesos en el disseny del personatge, el modelatge, la texturitzaci\u00f3, la il\u00b7luminaci\u00f3, el rigging, l&#8217;animaci\u00f3, &#8230; sota la supervisi\u00f3 del seu tutor Jordi Voltas, professor de Creaci\u00f3 de Projectes. L&#8217;exercici l&#8217;ha emp\u00e8s a decantar-se professionalment cap a la producci\u00f3 en 3D.<\/p>\n<p>Aquesta feina ha estat reconeguda amb l&#8217;atorgament del premi al Millor Cineasta Local dels Premis Ciutat de Terrassa 2008 i ha estat seleccionada pel Festival Baumann de creaci\u00f3 audiovisual jove.<\/p>\n<p>El CITM va presentar el curtmetratge al concurs del <a class=\"link\" href=\"http:\/\/www.indexbook.com\/selectedeurope\/\" rel=\"nofollow\" title=\"Selected: Graphic Design from Europe\" onclick=\"window.open(this.href,'','resizable=yes,width=800,height=600,left=50,top=50,location=yes,menubar=yes,personalbar=yes,scrollbars=yes,status=yes,toolbar=yes');return false;\"> Selected: Graphic Design from Europe<\/a>, dins de la categoria d'\u00bbescoles\u00bb. L&#8217;obra es va exposar i avaluar en el transcurs d&#8217;aquest esdeveniment, que va reunir a Barcelona els dies 12 i 13 de mar\u00e7 de 2010 diversos professionals d&#8217;Europa per intercanviar idees i solucions creatives a trav\u00e9s de tallers i confer\u00e8ncies. <\/p>\n","protected":false},"excerpt":{"rendered":"<p>\u00abThe Wrong Path\u00bb \u00e9s un curtmetratge d&#8217;animaci\u00f3 3D de 7&#8217;46 minuts. Explica la hist\u00f2ria d&#8217;un home que viu a\u00efllat de la civilitzaci\u00f3 i que t\u00e9 veritables problemes per llevar-se a temps per agafar l&#8217;autob\u00fas. Desesperat, concep un pla per poder assolir el seu objectiu. Mart\u00ed Pujol ha treballat durant uns 6 mesos en el disseny &#8230; <a title=\"\u00abThe Wrong Path\u00bb seleccionat per al Select d&#8217;Index Book\" class=\"read-more\" href=\"https:\/\/www.citm.upc.edu\/blog\/the-wrong-path-seleccionat-per-al-select-dindex-book\/?lang=ca\" aria-label=\"Read more about \u00abThe Wrong Path\u00bb seleccionat per al Select d&#8217;Index Book\">Leer m\u00e1s<\/a><\/p>\n","protected":false},"author":2,"featured_media":0,"comment_status":"open","ping_status":"open","sticky":false,"template":"","format":"standard","meta":{"footnotes":""},"categories":[1],"tags":[],"class_list":["post-684","post","type-post","status-publish","format-standard","hentry","category-uncategorized"],"aioseo_notices":[],"_links":{"self":[{"href":"https:\/\/www.citm.upc.edu\/blog\/wp-json\/wp\/v2\/posts\/684","targetHints":{"allow":["GET"]}}],"collection":[{"href":"https:\/\/www.citm.upc.edu\/blog\/wp-json\/wp\/v2\/posts"}],"about":[{"href":"https:\/\/www.citm.upc.edu\/blog\/wp-json\/wp\/v2\/types\/post"}],"author":[{"embeddable":true,"href":"https:\/\/www.citm.upc.edu\/blog\/wp-json\/wp\/v2\/users\/2"}],"replies":[{"embeddable":true,"href":"https:\/\/www.citm.upc.edu\/blog\/wp-json\/wp\/v2\/comments?post=684"}],"version-history":[{"count":0,"href":"https:\/\/www.citm.upc.edu\/blog\/wp-json\/wp\/v2\/posts\/684\/revisions"}],"wp:attachment":[{"href":"https:\/\/www.citm.upc.edu\/blog\/wp-json\/wp\/v2\/media?parent=684"}],"wp:term":[{"taxonomy":"category","embeddable":true,"href":"https:\/\/www.citm.upc.edu\/blog\/wp-json\/wp\/v2\/categories?post=684"},{"taxonomy":"post_tag","embeddable":true,"href":"https:\/\/www.citm.upc.edu\/blog\/wp-json\/wp\/v2\/tags?post=684"}],"curies":[{"name":"wp","href":"https:\/\/api.w.org\/{rel}","templated":true}]}}