{"id":6860,"date":"2022-12-23T12:31:51","date_gmt":"2022-12-23T11:31:51","guid":{"rendered":"https:\/\/www.citm.upc.edu\/blog\/?p=6860"},"modified":"2022-12-23T12:59:25","modified_gmt":"2022-12-23T11:59:25","slug":"el-citm-organitza-un-workshop-en-intel%c2%b7ligencia-artificial-ia-i-creativitat","status":"publish","type":"post","link":"https:\/\/www.citm.upc.edu\/blog\/el-citm-organitza-un-workshop-en-intel%c2%b7ligencia-artificial-ia-i-creativitat\/?lang=ca","title":{"rendered":"El CITM organitza un workshop en Intel\u00b7lig\u00e8ncia Artificial (IA) i Creativitat"},"content":{"rendered":"<p>La intel\u00b7lig\u00e8ncia artificial (IA) pot ser creativa? Com ens pot ajudar en l&#8217;\u00e0mbit de la creaci\u00f3 digital? Els aven\u00e7os de la intel\u00b7lig\u00e8ncia artificial estan impactant en \u00e0mbits com l&#8217;art i la creativitat digital de forma molt significativa. Diverses empreses de l&#8217;\u00e0mbit multim\u00e8dia, videojocs, animaci\u00f3 i art digital ja han comen\u00e7at a explotar el potencial d&#8217;eines basades en IA com a part dels processos creatius i de creaci\u00f3.<!--more--><\/p>\n<p>Aquests s\u00f3n alguns dels principals temes en els quals es va centrar el <strong><em>workshop<\/em> IA &amp; Creativitat<\/strong> que va tenir lloc els dies 2 i 16 de desembre al CITM, en el qual van participar estudiants i professorat CITM, i tamb\u00e9 experts en Intel\u00b7lig\u00e8ncia Artificial (IA). Concretament, vam comptar amb la participaci\u00f3 de:<\/p>\n<ul>\n<li><strong>Arturo Fuentes Calle<\/strong>, professor CITM i doctorand en Computer Vision.<\/li>\n<li><strong>Ramon Sang\u00fcesa<\/strong>, doctor en Inform\u00e0tica i director del grau en Intel\u00b7lig\u00e8ncia Artificial de la UPC.<\/li>\n<li><strong>Sergio \u00c1lvarez Napagao<\/strong>, doctor en Intel\u00b7lig\u00e8ncia Artificial i investigador associat del Barcelona Supercomputer Center (BSC).<\/li>\n<li><strong>Antonio Hern\u00e1ndez Fern\u00e1ndez<\/strong>, f\u00edsic, ling\u00fcista i doctor en Ci\u00e8ncia Cognitiva i Llenguatge. Professor UPC i de l&#8217;Escola d&#8217;Art i Disseny de Terrassa.<\/li>\n<\/ul>\n<p>El <i>workshop<\/i> va consistir en una primera sessi\u00f3 teoricopr\u00e0ctica, en la qual es van repassar les principals eines de generaci\u00f3 d&#8217;imatges basades en IA de l&#8217;actualitat. En una segona sessi\u00f3, els estudiants van presentar els <strong>c\u00f2mics desenvolupats fent servir eines basades en IA<\/strong> (Stable Diffusion, DALL\u00b7E, Midjourney, GPT-3, etc.). Aquesta \u00faltima sessi\u00f3 del <i>workshop<\/i> va finalitzar amb un <strong>debat on experts i la comunitat CITM van analitzar com les eines de IA s&#8217;estan utilitzant en processos creatius<\/strong>, avaluant l\u2019impacte de la IA en el disseny i la producci\u00f3 digital. S\u2019hi van plantejar diferents q\u00fcestions \u00e8tiques relacionades amb l&#8217;\u00fas d&#8217;aquesta tecnologia, com s\u00f3n els drets d&#8217;autor o l&#8217;exist\u00e8ncia de diferents biaixos en produir imatges.<\/p>\n<p>En general, el <em>workshop<\/em> va resultar una activitat \u00fatil per familiaritzar-se amb l&#8217;\u00fas de la IA en processos creatius, aix\u00ed com per con\u00e8ixer els principals <strong>reptes i debats \u00e8tics<\/strong> al voltant del desenvolupament d&#8217;aquesta tecnologia.<\/p>\n<p>A continuaci\u00f3, podeu veure alguns dels resultats presentats al <i>workshop<\/i>:<\/p>\n<p><strong>C\u00f2mic \u00abCaptured by an Alien\u00bb, d&#8217;Helena Lahora, Pau Guiri, J\u00falia Serrano i David Pujol<\/strong><\/p>\n<p><a href=\"https:\/\/www.citm.upc.edu\/blog\/wp-content\/uploads\/2022\/12\/Alien.png\" target=\"_blank\" rel=\"noopener\"><img loading=\"lazy\" decoding=\"async\" class=\"alignleft wp-image-6861 size-full\" src=\"https:\/\/www.citm.upc.edu\/blog\/wp-content\/uploads\/2022\/12\/Alien.png\" alt=\"\" width=\"536\" height=\"284\" srcset=\"https:\/\/www.citm.upc.edu\/blog\/wp-content\/uploads\/2022\/12\/Alien.png 536w, https:\/\/www.citm.upc.edu\/blog\/wp-content\/uploads\/2022\/12\/Alien-300x159.png 300w\" sizes=\"auto, (max-width: 536px) 100vw, 536px\" \/><\/a><\/p>\n<p>&nbsp;<\/p>\n<p>&nbsp;<\/p>\n<p>&nbsp;<\/p>\n<p>&nbsp;<\/p>\n<p>&nbsp;<\/p>\n<p>&nbsp;<\/p>\n<p><strong>C\u00f2mic \u00abMario vs. Monkeys\u00bb, d&#8217;Alberto Cort\u00e9s i Mart\u00ed Fontanet<\/strong><\/p>\n<p><a href=\"https:\/\/www.citm.upc.edu\/blog\/wp-content\/uploads\/2022\/12\/Mario.png\" target=\"_blank\" rel=\"noopener\"><img loading=\"lazy\" decoding=\"async\" class=\"alignleft wp-image-6862 size-full\" src=\"https:\/\/www.citm.upc.edu\/blog\/wp-content\/uploads\/2022\/12\/Mario.png\" alt=\"\" width=\"535\" height=\"303\" srcset=\"https:\/\/www.citm.upc.edu\/blog\/wp-content\/uploads\/2022\/12\/Mario.png 535w, https:\/\/www.citm.upc.edu\/blog\/wp-content\/uploads\/2022\/12\/Mario-300x170.png 300w\" sizes=\"auto, (max-width: 535px) 100vw, 535px\" \/><\/a><\/p>\n<p>&nbsp;<\/p>\n<p>&nbsp;<\/p>\n<p>&nbsp;<\/p>\n<p>&nbsp;<\/p>\n<p>&nbsp;<\/p>\n<p>&nbsp;<\/p>\n<p>&nbsp;<\/p>\n<p><strong>C\u00f2mic \u00abRojo\u00bb, d&#8217;Ulises Hispano, Anastasia Anaya i Elena Fern\u00e1ndez<\/strong><\/p>\n<p><a href=\"https:\/\/www.citm.upc.edu\/blog\/wp-content\/uploads\/2022\/12\/ComicRojo.png\" target=\"_blank\" rel=\"noopener\"><img loading=\"lazy\" decoding=\"async\" class=\"alignleft wp-image-6863 size-full\" src=\"https:\/\/www.citm.upc.edu\/blog\/wp-content\/uploads\/2022\/12\/ComicRojo.png\" alt=\"\" width=\"542\" height=\"305\" srcset=\"https:\/\/www.citm.upc.edu\/blog\/wp-content\/uploads\/2022\/12\/ComicRojo.png 542w, https:\/\/www.citm.upc.edu\/blog\/wp-content\/uploads\/2022\/12\/ComicRojo-300x169.png 300w\" sizes=\"auto, (max-width: 542px) 100vw, 542px\" \/><\/a><\/p>\n<p>&nbsp;<\/p>\n<p>&nbsp;<\/p>\n<p>&nbsp;<\/p>\n<p>&nbsp;<\/p>\n<p>&nbsp;<\/p>\n<p>&nbsp;<\/p>\n<p>&nbsp;<\/p>\n<p><strong>C\u00f2mic \u00abEscapando de la Tierra\u00bb, d&#8217;Oscar Garc\u00eda, Carlos Parada, Gianella Hinostroza<\/strong><\/p>\n<p><a href=\"https:\/\/www.citm.upc.edu\/blog\/wp-content\/uploads\/2022\/12\/23-12-2022-12-25-38.png\" target=\"_blank\" rel=\"noopener\"><img loading=\"lazy\" decoding=\"async\" class=\"alignleft wp-image-6864 size-full\" src=\"https:\/\/www.citm.upc.edu\/blog\/wp-content\/uploads\/2022\/12\/23-12-2022-12-25-38.png\" alt=\"\" width=\"539\" height=\"318\" srcset=\"https:\/\/www.citm.upc.edu\/blog\/wp-content\/uploads\/2022\/12\/23-12-2022-12-25-38.png 539w, https:\/\/www.citm.upc.edu\/blog\/wp-content\/uploads\/2022\/12\/23-12-2022-12-25-38-300x177.png 300w\" sizes=\"auto, (max-width: 539px) 100vw, 539px\" \/><\/a><\/p>\n<p>&nbsp;<\/p>\n<p>&nbsp;<\/p>\n<p>&nbsp;<\/p>\n<p>&nbsp;<\/p>\n<p>&nbsp;<\/p>\n<p>&nbsp;<\/p>\n<p>&nbsp;<\/p>\n","protected":false},"excerpt":{"rendered":"<p>La intel\u00b7lig\u00e8ncia artificial (IA) pot ser creativa? Com ens pot ajudar en l&#8217;\u00e0mbit de la creaci\u00f3 digital? Els aven\u00e7os de la intel\u00b7lig\u00e8ncia artificial estan impactant en \u00e0mbits com l&#8217;art i la creativitat digital de forma molt significativa. Diverses empreses de l&#8217;\u00e0mbit multim\u00e8dia, videojocs, animaci\u00f3 i art digital ja han comen\u00e7at a explotar el potencial d&#8217;eines &#8230; <a title=\"El CITM organitza un workshop en Intel\u00b7lig\u00e8ncia Artificial (IA) i Creativitat\" class=\"read-more\" href=\"https:\/\/www.citm.upc.edu\/blog\/el-citm-organitza-un-workshop-en-intel%c2%b7ligencia-artificial-ia-i-creativitat\/?lang=ca\" aria-label=\"Read more about El CITM organitza un workshop en Intel\u00b7lig\u00e8ncia Artificial (IA) i Creativitat\">Leer m\u00e1s<\/a><\/p>\n","protected":false},"author":2,"featured_media":6865,"comment_status":"closed","ping_status":"closed","sticky":false,"template":"","format":"standard","meta":{"footnotes":""},"categories":[104,108,18,815,14],"tags":[151,941],"class_list":["post-6860","post","type-post","status-publish","format-standard","has-post-thumbnail","hentry","category-institucional","category-institucional-2","category-multimedia1","category-recerca","category-treballs-alumnes","tag-recerca","tag-workshop-citm"],"aioseo_notices":[],"_links":{"self":[{"href":"https:\/\/www.citm.upc.edu\/blog\/wp-json\/wp\/v2\/posts\/6860","targetHints":{"allow":["GET"]}}],"collection":[{"href":"https:\/\/www.citm.upc.edu\/blog\/wp-json\/wp\/v2\/posts"}],"about":[{"href":"https:\/\/www.citm.upc.edu\/blog\/wp-json\/wp\/v2\/types\/post"}],"author":[{"embeddable":true,"href":"https:\/\/www.citm.upc.edu\/blog\/wp-json\/wp\/v2\/users\/2"}],"replies":[{"embeddable":true,"href":"https:\/\/www.citm.upc.edu\/blog\/wp-json\/wp\/v2\/comments?post=6860"}],"version-history":[{"count":18,"href":"https:\/\/www.citm.upc.edu\/blog\/wp-json\/wp\/v2\/posts\/6860\/revisions"}],"predecessor-version":[{"id":6891,"href":"https:\/\/www.citm.upc.edu\/blog\/wp-json\/wp\/v2\/posts\/6860\/revisions\/6891"}],"wp:featuredmedia":[{"embeddable":true,"href":"https:\/\/www.citm.upc.edu\/blog\/wp-json\/wp\/v2\/media\/6865"}],"wp:attachment":[{"href":"https:\/\/www.citm.upc.edu\/blog\/wp-json\/wp\/v2\/media?parent=6860"}],"wp:term":[{"taxonomy":"category","embeddable":true,"href":"https:\/\/www.citm.upc.edu\/blog\/wp-json\/wp\/v2\/categories?post=6860"},{"taxonomy":"post_tag","embeddable":true,"href":"https:\/\/www.citm.upc.edu\/blog\/wp-json\/wp\/v2\/tags?post=6860"}],"curies":[{"name":"wp","href":"https:\/\/api.w.org\/{rel}","templated":true}]}}