{"id":6923,"date":"2023-02-03T11:39:49","date_gmt":"2023-02-03T10:39:49","guid":{"rendered":"https:\/\/www.citm.upc.edu\/blog\/?p=6923"},"modified":"2023-02-03T11:39:49","modified_gmt":"2023-02-03T10:39:49","slug":"neix-upcalumnimes-la-nova-eina-que-connecta-la-comunitat-upc","status":"publish","type":"post","link":"https:\/\/www.citm.upc.edu\/blog\/neix-upcalumnimes-la-nova-eina-que-connecta-la-comunitat-upc\/?lang=ca","title":{"rendered":"Neix UPCAlumniM\u00e9s, la nova eina que connecta la comunitat UPC"},"content":{"rendered":"<p class=\"well documentDescription document-description\">Amb el lema \u2018Connectar, con\u00e8ixer, cr\u00e9ixer\u2019, s\u2019ha posat en marxa la plataforma UPCAlumniM\u00e9s: una nova eina per impulsar la xarxa, la implicaci\u00f3 i el valor de la comunitat UPC i, molt especialment, dels alumni de la Universitat.<!--more--><span id=\"more-12854\"><\/span><\/p>\n<p class=\"documentEffectiveDate\"><em>Font: Universitat Polit\u00e8cnica de Catalunya (UPC)<\/em><\/p>\n<div id=\"parent-fieldname-text\" class=\"composite-description\">\n<p>La nova plataforma de la comunitat <a href=\"https:\/\/alumni.upc.edu\/ca\" target=\"_blank\" rel=\"noopener\" data-linktype=\"external\" data-val=\"https:\/\/alumni.upc.edu\/ca\">UPCAlumni<\/a> neix amb l\u2019objectiu de convertir-se en <strong>punt de trobada dels titulats i titulades de la Universitat Polit\u00e8cnica de Catalunya \u2013 BarcelonaTech (UPC)<\/strong>, en concret, per\u00f2 tamb\u00e9 <strong>de tota la comunitat universit\u00e0ria<\/strong>: PDI, PAS, estudiantat i empreses.<\/p>\n<p>La plataforma <a href=\"https:\/\/comunitatalumni.upc.edu\/\" target=\"_blank\" rel=\"noopener\">UPCAlumniM\u00e9s<\/a> \u00e9s una eina per connectar i fer cr\u00e9ixer la xarxa que significa pert\u00e0nyer a la comunitat UPC: per impulsar la carrera professional, con\u00e8ixer persones que comparteixen els mateixos interessos, integrar-se a grups professionals, i con\u00e8ixer tots els avantatges i serveis que s\u2019ofereixen als membres d\u2019UPCAlumni i les iniciatives que sorgeixen de la Universitat. T\u00e9, aix\u00ed, un doble objectiu: millorar la interacci\u00f3 de la comunitat UPC i millorar la comunicaci\u00f3 de la Universitat cap i per al col\u00b7lectiu <em>alumni<\/em>.<\/p>\n<p>Des de la nova plataforma s\u2019oferiran diferents serveis a la comunitat d\u2019UPC Alumni: des d\u2019orientaci\u00f3 professional, formaci\u00f3 permanent i ofertes de feina per al desenvolupament professional; mentories (per rebre\u2019n o per fer de mentor); eines per compartir coneixement i fer <em>networking, <\/em>i espais per rebre suport o compartir iniciatives emprenedores o de comprom\u00eds social.<\/p>\n<p><strong>Club CITM Alumni \u2013 Plataforma UPCAlumniM\u00e9s<\/strong><\/p>\n<p>Dins la plataforma, us animem a unir-vos al <strong>Club CITM<\/strong> <strong>Alumni<\/strong> per descobrir tots els avantatges i promoure el<em> networking<\/em> entre la comunitat CITM. Per donar-vos d\u2019alta haureu d&#8217;entrar al seg\u00fcent <a href=\"https:\/\/comunitatalumni.upc.edu\/groups\/15\/feed\" target=\"_blank\" rel=\"noopener\"><strong>enlla\u00e7 <\/strong><\/a>i clicar al bot\u00f3 \u201cCrea el teu compte\u201d.<\/p>\n<\/div>\n","protected":false},"excerpt":{"rendered":"<p>Amb el lema \u2018Connectar, con\u00e8ixer, cr\u00e9ixer\u2019, s\u2019ha posat en marxa la plataforma UPCAlumniM\u00e9s: una nova eina per impulsar la xarxa, la implicaci\u00f3 i el valor de la comunitat UPC i, molt especialment, dels alumni de la Universitat.<\/p>\n","protected":false},"author":2,"featured_media":6924,"comment_status":"closed","ping_status":"closed","sticky":false,"template":"","format":"standard","meta":{"footnotes":""},"categories":[104,108],"tags":[946,691,734,948,905],"class_list":["post-6923","post","type-post","status-publish","format-standard","has-post-thumbnail","hentry","category-institucional","category-institucional-2","tag-alumni-animacio","tag-alumni-citm","tag-alumni-multimedia","tag-alumni-upc","tag-alumni-videojocs"],"aioseo_notices":[],"_links":{"self":[{"href":"https:\/\/www.citm.upc.edu\/blog\/wp-json\/wp\/v2\/posts\/6923","targetHints":{"allow":["GET"]}}],"collection":[{"href":"https:\/\/www.citm.upc.edu\/blog\/wp-json\/wp\/v2\/posts"}],"about":[{"href":"https:\/\/www.citm.upc.edu\/blog\/wp-json\/wp\/v2\/types\/post"}],"author":[{"embeddable":true,"href":"https:\/\/www.citm.upc.edu\/blog\/wp-json\/wp\/v2\/users\/2"}],"replies":[{"embeddable":true,"href":"https:\/\/www.citm.upc.edu\/blog\/wp-json\/wp\/v2\/comments?post=6923"}],"version-history":[{"count":1,"href":"https:\/\/www.citm.upc.edu\/blog\/wp-json\/wp\/v2\/posts\/6923\/revisions"}],"predecessor-version":[{"id":6925,"href":"https:\/\/www.citm.upc.edu\/blog\/wp-json\/wp\/v2\/posts\/6923\/revisions\/6925"}],"wp:featuredmedia":[{"embeddable":true,"href":"https:\/\/www.citm.upc.edu\/blog\/wp-json\/wp\/v2\/media\/6924"}],"wp:attachment":[{"href":"https:\/\/www.citm.upc.edu\/blog\/wp-json\/wp\/v2\/media?parent=6923"}],"wp:term":[{"taxonomy":"category","embeddable":true,"href":"https:\/\/www.citm.upc.edu\/blog\/wp-json\/wp\/v2\/categories?post=6923"},{"taxonomy":"post_tag","embeddable":true,"href":"https:\/\/www.citm.upc.edu\/blog\/wp-json\/wp\/v2\/tags?post=6923"}],"curies":[{"name":"wp","href":"https:\/\/api.w.org\/{rel}","templated":true}]}}