{"id":695,"date":"2011-01-11T00:00:00","date_gmt":"2011-01-10T23:00:00","guid":{"rendered":"http:\/\/www.citm.upc.edu\/blog\/?p=695"},"modified":"2011-01-11T00:00:00","modified_gmt":"2011-01-10T23:00:00","slug":"coneix-el-citm-en-la-jornada-de-portes-obertes-del-campus-upc-a-terrassa","status":"publish","type":"post","link":"https:\/\/www.citm.upc.edu\/blog\/coneix-el-citm-en-la-jornada-de-portes-obertes-del-campus-upc-a-terrassa\/?lang=ca","title":{"rendered":"Coneix el CITM en la jornada de portes obertes del Campus UPC a Terrassa"},"content":{"rendered":"<p>En aquestes jornades de portes obertes, en qu\u00e8 s&#8217;ofereix informaci\u00f3 de primera m\u00e0 sobre els 13 graus universitaris en les especialitats de la UPC que s&#8217;ofereixen a Terrassa, els alumnes interessats en  el m\u00f3n de la captaci\u00f3 i tractament de la imatge i\/o la producci\u00f3 multim\u00e8dia, podran visitar les instal\u00b7lacions i laboratoris del CITM, aix\u00ed com informar-se dels estudis i les sortides laborals d&#8217;aquests estudis en multim\u00e8dia i fotografia. <\/p>\n<p>La recepci\u00f3 conjunta de tots els estudiants que assisteixen a les Jornades de Portes Obertes del curs 2010-2011 tindr\u00e0 lloc el dia 2 de febrer a la sala d&#8217;actes de l&#8217;Escola d&#8217;Enginyeria de Terrassa (EET. c\/Colom 1. Terrassa). Hi haur\u00e0 dos torns, un matinal a les 10:30h i l&#8217;altre de tarda a les 15:30h. Despr\u00e8s de la recepci\u00f3 els estudiants es distribuiran segons les titulacions del seu inter\u00e8s. <\/p>\n<p>La inscripci\u00f3 podr\u00e0 realitzar-se al formulari electr\u00f2nic que trobareu al web <a class=\"link\" href=\" http:\/\/www.terrassa.upc.edu \" rel=\"nofollow\" title=\" http:\/\/www.terrassa.upc.edu\" onclick=\"window.open(this.href,'','resizable=yes,width=800,height=600,left=50,top=50,location=yes,menubar=yes,personalbar=yes,scrollbars=yes,status=yes,toolbar=yes');return false;\"> http:\/\/www.terrassa.upc.edu<\/a>. Tamb\u00e9 trucant per tel\u00e8fon al 93 739 81 32, cada dia, de 9h a 13h., o b\u00e9 enviant un correu electr\u00f2nic a l&#8217;adre\u00e7a info@ct.upc.edu, especificant els nombre d&#8217;estudiants que vulguin assistir i les seves titulacions d&#8217;inter\u00e8s. <\/p>\n","protected":false},"excerpt":{"rendered":"<p>En aquestes jornades de portes obertes, en qu\u00e8 s&#8217;ofereix informaci\u00f3 de primera m\u00e0 sobre els 13 graus universitaris en les especialitats de la UPC que s&#8217;ofereixen a Terrassa, els alumnes interessats en el m\u00f3n de la captaci\u00f3 i tractament de la imatge i\/o la producci\u00f3 multim\u00e8dia, podran visitar les instal\u00b7lacions i laboratoris del CITM, aix\u00ed &#8230; <a title=\"Coneix el CITM en la jornada de portes obertes del Campus UPC a Terrassa\" class=\"read-more\" href=\"https:\/\/www.citm.upc.edu\/blog\/coneix-el-citm-en-la-jornada-de-portes-obertes-del-campus-upc-a-terrassa\/?lang=ca\" aria-label=\"Read more about Coneix el CITM en la jornada de portes obertes del Campus UPC a Terrassa\">Leer m\u00e1s<\/a><\/p>\n","protected":false},"author":2,"featured_media":0,"comment_status":"open","ping_status":"open","sticky":false,"template":"","format":"standard","meta":{"footnotes":""},"categories":[1],"tags":[],"class_list":["post-695","post","type-post","status-publish","format-standard","hentry","category-uncategorized"],"aioseo_notices":[],"_links":{"self":[{"href":"https:\/\/www.citm.upc.edu\/blog\/wp-json\/wp\/v2\/posts\/695","targetHints":{"allow":["GET"]}}],"collection":[{"href":"https:\/\/www.citm.upc.edu\/blog\/wp-json\/wp\/v2\/posts"}],"about":[{"href":"https:\/\/www.citm.upc.edu\/blog\/wp-json\/wp\/v2\/types\/post"}],"author":[{"embeddable":true,"href":"https:\/\/www.citm.upc.edu\/blog\/wp-json\/wp\/v2\/users\/2"}],"replies":[{"embeddable":true,"href":"https:\/\/www.citm.upc.edu\/blog\/wp-json\/wp\/v2\/comments?post=695"}],"version-history":[{"count":0,"href":"https:\/\/www.citm.upc.edu\/blog\/wp-json\/wp\/v2\/posts\/695\/revisions"}],"wp:attachment":[{"href":"https:\/\/www.citm.upc.edu\/blog\/wp-json\/wp\/v2\/media?parent=695"}],"wp:term":[{"taxonomy":"category","embeddable":true,"href":"https:\/\/www.citm.upc.edu\/blog\/wp-json\/wp\/v2\/categories?post=695"},{"taxonomy":"post_tag","embeddable":true,"href":"https:\/\/www.citm.upc.edu\/blog\/wp-json\/wp\/v2\/tags?post=695"}],"curies":[{"name":"wp","href":"https:\/\/api.w.org\/{rel}","templated":true}]}}