{"id":697,"date":"2011-03-16T00:00:00","date_gmt":"2011-03-15T23:00:00","guid":{"rendered":"http:\/\/www.citm.upc.edu\/blog\/?p=697"},"modified":"2011-03-16T00:00:00","modified_gmt":"2011-03-15T23:00:00","slug":"experimenta-el-citm-al-salo-de-lensenyament-2011-2","status":"publish","type":"post","link":"https:\/\/www.citm.upc.edu\/blog\/experimenta-el-citm-al-salo-de-lensenyament-2011-2\/?lang=ca","title":{"rendered":"Experimenta el CITM al Sal\u00f3 de l&#8217;Ensenyament 2011"},"content":{"rendered":"<p>Com cada any, el Centre disposar\u00e0 de dos estands al mateix Sal\u00f3: el de dinamitzaci\u00f3 i l&#8217;informatiu.<\/p>\n<p>En l&#8217;\u00e0rea de dinamitzaci\u00f3, es podran testejar en temps real les darreres novetats i aplicacions de l&#8217;\u00e0rea multim\u00e8dia, de fotografia i de postproducci\u00f3, que aquest any s\u00f3n les seg\u00fcents: <\/p>\n<p><strong>Vols ser el protagonista d&#8217;un videoclip?<\/strong>. Tots els alumnes que passin pel Sal\u00f3 de l&#8217;Ensenyament tindran la possibilitat de participar de primera m\u00e0 en el proc\u00e9s de creaci\u00f3 d&#8217;un videoclip musical i apar\u00e8ixer junt als seus grups musicals preferits, gr\u00e0cies a les darreres t\u00e8cniques en postproducci\u00f3 de v\u00eddeo. <\/p>\n<p><strong>Postprodueix el teu v\u00eddeo<\/strong>. Un cop gravat el v\u00eddeo, els participants podran fer-ne els darrers acabats, amb les t\u00e8cniques m\u00e9s avan\u00e7ades en postproducci\u00f3, efectes especials i animaci\u00f3. El resultat, de ben segur sorprenent, se&#8217;l podran emportar els participants per compartir-lo amb els seus amics. <\/p>\n<p><strong>Com integrar realitat i ficci\u00f3: fotografia i CGI<\/strong>. Es testejaran les darreres t\u00e8cniques de fotografia i CGI els programes que s&#8217;utilitzen per generar aquestes produccions tan espectaculars en l&#8217;\u00e0mbit publicitari. Els participants podran interactuar amb aquesta tecnologia, introduint una imatge real i integrar-la en un espai virtual que els mateixos visitants podran crear amb l&#8217;ordinador. <\/p>\n<p>Les persones interessades en rebre informaci\u00f3 sobre els graus oficials de Multim\u00e8dia i de Fotografia i Creaci\u00f3 Digital, els postgraus i els cursos Open Knowledge que s&#8217;ofereixen al centre podran adre\u00e7ar-se a l&#8217;estand informatiu, que es situar\u00e0 al costat de l&#8217;\u00e0rea de dinamitzaci\u00f3, on se&#8217;ls oferir\u00e0 <strong>atenci\u00f3 personalitzada sobre els estudis i les seves possibilitats professionals<\/strong>. <\/p>\n","protected":false},"excerpt":{"rendered":"<p>Com cada any, el Centre disposar\u00e0 de dos estands al mateix Sal\u00f3: el de dinamitzaci\u00f3 i l&#8217;informatiu. En l&#8217;\u00e0rea de dinamitzaci\u00f3, es podran testejar en temps real les darreres novetats i aplicacions de l&#8217;\u00e0rea multim\u00e8dia, de fotografia i de postproducci\u00f3, que aquest any s\u00f3n les seg\u00fcents: Vols ser el protagonista d&#8217;un videoclip?. Tots els alumnes &#8230; <a title=\"Experimenta el CITM al Sal\u00f3 de l&#8217;Ensenyament 2011\" class=\"read-more\" href=\"https:\/\/www.citm.upc.edu\/blog\/experimenta-el-citm-al-salo-de-lensenyament-2011-2\/?lang=ca\" aria-label=\"Read more about Experimenta el CITM al Sal\u00f3 de l&#8217;Ensenyament 2011\">Leer m\u00e1s<\/a><\/p>\n","protected":false},"author":2,"featured_media":0,"comment_status":"open","ping_status":"open","sticky":false,"template":"","format":"standard","meta":{"footnotes":""},"categories":[1],"tags":[],"class_list":["post-697","post","type-post","status-publish","format-standard","hentry","category-uncategorized"],"aioseo_notices":[],"_links":{"self":[{"href":"https:\/\/www.citm.upc.edu\/blog\/wp-json\/wp\/v2\/posts\/697","targetHints":{"allow":["GET"]}}],"collection":[{"href":"https:\/\/www.citm.upc.edu\/blog\/wp-json\/wp\/v2\/posts"}],"about":[{"href":"https:\/\/www.citm.upc.edu\/blog\/wp-json\/wp\/v2\/types\/post"}],"author":[{"embeddable":true,"href":"https:\/\/www.citm.upc.edu\/blog\/wp-json\/wp\/v2\/users\/2"}],"replies":[{"embeddable":true,"href":"https:\/\/www.citm.upc.edu\/blog\/wp-json\/wp\/v2\/comments?post=697"}],"version-history":[{"count":0,"href":"https:\/\/www.citm.upc.edu\/blog\/wp-json\/wp\/v2\/posts\/697\/revisions"}],"wp:attachment":[{"href":"https:\/\/www.citm.upc.edu\/blog\/wp-json\/wp\/v2\/media?parent=697"}],"wp:term":[{"taxonomy":"category","embeddable":true,"href":"https:\/\/www.citm.upc.edu\/blog\/wp-json\/wp\/v2\/categories?post=697"},{"taxonomy":"post_tag","embeddable":true,"href":"https:\/\/www.citm.upc.edu\/blog\/wp-json\/wp\/v2\/tags?post=697"}],"curies":[{"name":"wp","href":"https:\/\/api.w.org\/{rel}","templated":true}]}}