{"id":698,"date":"2011-03-14T00:00:00","date_gmt":"2011-03-13T23:00:00","guid":{"rendered":"http:\/\/www.citm.upc.edu\/blog\/?p=698"},"modified":"2011-03-14T00:00:00","modified_gmt":"2011-03-13T23:00:00","slug":"el-citm-presenta-novetats-tecnologiques-en-imatge-al-sonimagfotomultimedia","status":"publish","type":"post","link":"https:\/\/www.citm.upc.edu\/blog\/el-citm-presenta-novetats-tecnologiques-en-imatge-al-sonimagfotomultimedia\/?lang=ca","title":{"rendered":"El CITM presenta novetats tecnol\u00f2giques en imatge al Sonimagfoto&amp;Multimedia"},"content":{"rendered":"<p>El Centre de la Imatge i la Tecnologia Multim\u00e8dia presenta a l&#8217;espai de Sonimagfoto &amp;amp; Multimedia, un de les cites anuals m\u00e9s importants en l&#8217;\u00e0mbit de la imatge i multim\u00e8dia, tot el seu coneixement en tractament fotogr\u00e0fic a trav\u00e9s de dos espais: Aula Digital Adobe i CITM Innovation Space.   <strong>Aula Digital Adobe<\/strong> Per desena edici\u00f3 consecutiva, Adobe i el Centre de la Imatge i la Tecnologia Multim\u00e8dia presenten l&#8217;Aula Digital Adobe, un programa de confer\u00e8ncies i tallers que analitzen l&#8217;aplicaci\u00f3 del software d&#8217;Adobe en projectes reals, de la m\u00e0 de professors i professionals del m\u00f3n de la imatge que coneixen de primera m\u00e0 l&#8217;aplicabilitat d&#8217;aquestes eines. Aquesta aula s&#8217;ubicar\u00e0 en un espai f\u00edsc entre les dues fires, Sonimagfoto &amp;amp; Multim\u00e8dia i Graphispag, amb el valor afegit d&#8217;aquesta triple visi\u00f3: professional, docent i t\u00e8cnica.   <strong>CITM Innovation Space<\/strong> <em>Lab Quality Image: protocols de qualitat de la imatge<\/em> El Centre de la Imatge i la Tecnologia Multim\u00e8dia, a trav\u00e9s del Laboratori de Qualitat de la Imatge, desenvolupa protocols de treball espec\u00edfics i est\u00e0ndards per a la mesura de la qualitat. Aquests protocols cient\u00edfics, realitzats per a organitzacions com el Museu Picasso, seran presentats per responsables del Laboratori, on s&#8217;explicitaran totes aquelles t\u00e8cniques, mesures i processos per garantir la qualitat de les reproduccions de les obres d&#8217;art.   <em>Lab Computer Generated Imagery (CGI)<\/em> A trav\u00e9s del laboratori de Fotografia i CGI, el CITM oferir\u00e0 un demostraci\u00f3 en t\u00e8cniques d&#8217;imatge generada per ordinador i la seva integraci\u00f3 en fotografies reals, les anomenades t\u00e8cniques <em>Computer-generated Imagery<\/em>,  en la formaci\u00f3 del qual \u00e9s pioner a tot l&#8217;Estat espanyol, i l&#8217;aplicaci\u00f3 de les quals obre nombroses possibilitats en el camp de la publicitat.   Totes aquestes activitats tindran lloc des del 23 al 27 de mar\u00e7 de 2011.<\/p>\n","protected":false},"excerpt":{"rendered":"<p>El Centre de la Imatge i la Tecnologia Multim\u00e8dia presenta a l&#8217;espai de Sonimagfoto &amp;amp; Multimedia, un de les cites anuals m\u00e9s importants en l&#8217;\u00e0mbit de la imatge i multim\u00e8dia, tot el seu coneixement en tractament fotogr\u00e0fic a trav\u00e9s de dos espais: Aula Digital Adobe i CITM Innovation Space. Aula Digital Adobe Per desena edici\u00f3 &#8230; <a title=\"El CITM presenta novetats tecnol\u00f2giques en imatge al Sonimagfoto&amp;Multimedia\" class=\"read-more\" href=\"https:\/\/www.citm.upc.edu\/blog\/el-citm-presenta-novetats-tecnologiques-en-imatge-al-sonimagfotomultimedia\/?lang=ca\" aria-label=\"Read more about El CITM presenta novetats tecnol\u00f2giques en imatge al Sonimagfoto&amp;Multimedia\">Leer m\u00e1s<\/a><\/p>\n","protected":false},"author":2,"featured_media":0,"comment_status":"open","ping_status":"open","sticky":false,"template":"","format":"standard","meta":{"footnotes":""},"categories":[1],"tags":[],"class_list":["post-698","post","type-post","status-publish","format-standard","hentry","category-uncategorized"],"aioseo_notices":[],"_links":{"self":[{"href":"https:\/\/www.citm.upc.edu\/blog\/wp-json\/wp\/v2\/posts\/698","targetHints":{"allow":["GET"]}}],"collection":[{"href":"https:\/\/www.citm.upc.edu\/blog\/wp-json\/wp\/v2\/posts"}],"about":[{"href":"https:\/\/www.citm.upc.edu\/blog\/wp-json\/wp\/v2\/types\/post"}],"author":[{"embeddable":true,"href":"https:\/\/www.citm.upc.edu\/blog\/wp-json\/wp\/v2\/users\/2"}],"replies":[{"embeddable":true,"href":"https:\/\/www.citm.upc.edu\/blog\/wp-json\/wp\/v2\/comments?post=698"}],"version-history":[{"count":0,"href":"https:\/\/www.citm.upc.edu\/blog\/wp-json\/wp\/v2\/posts\/698\/revisions"}],"wp:attachment":[{"href":"https:\/\/www.citm.upc.edu\/blog\/wp-json\/wp\/v2\/media?parent=698"}],"wp:term":[{"taxonomy":"category","embeddable":true,"href":"https:\/\/www.citm.upc.edu\/blog\/wp-json\/wp\/v2\/categories?post=698"},{"taxonomy":"post_tag","embeddable":true,"href":"https:\/\/www.citm.upc.edu\/blog\/wp-json\/wp\/v2\/tags?post=698"}],"curies":[{"name":"wp","href":"https:\/\/api.w.org\/{rel}","templated":true}]}}