{"id":727,"date":"2012-06-04T00:00:00","date_gmt":"2012-06-03T22:00:00","guid":{"rendered":"http:\/\/www.citm.upc.edu\/blog\/?p=727"},"modified":"2012-06-04T00:00:00","modified_gmt":"2012-06-03T22:00:00","slug":"lliurament-dels-guardons-concurs-empren-upc","status":"publish","type":"post","link":"https:\/\/www.citm.upc.edu\/blog\/lliurament-dels-guardons-concurs-empren-upc\/?lang=ca","title":{"rendered":"Lliurament dels guardons Concurs Empr\u00e8n UPC"},"content":{"rendered":"<p>Aquests guardons pretenen contribuir a<strong> fomentar l&#8217;esperit emprenedor i la cultura de la innovaci\u00f3 entre els estudiants de la Universitat Polit\u00e8cnica de Catalunya<\/strong>. El concurs va n\u00e9ixer amb el prop\u00f2sit d&#8217;animar els estudiants per tal que apliquin el coneixement rebut durant els estudis. Amb la seva formaci\u00f3 i l&#8217;experi\u00e8ncia professional adquirida podran desenvolupar serveis i productes que tinguin possibilitats de comercialitzaci\u00f3.<\/p>\n<p>El <strong>Programa Innova de la UPC<\/strong> t\u00e9 com a finalitat, amb car\u00e0cter general, posar en valor la recerca desenvolupada a la Universitat Polit\u00e8cnica de Catalunya, l&#8217; impuls a la cultura de la innovaci\u00f3 i l&#8217;esperit emprenedor en tota la comunitat universit\u00e0ria, investigadors, estudiants, professors, personal d&#8217;administraci\u00f3 i serveis i titulats. Aquest projecte persegueix la contribuci\u00f3 a l&#8217;augment del potencial innovador dels seus col\u00b7lectius i de les seves unitats, tot afavorint la creaci\u00f3 de noves empreses i els instruments de valoritzaci\u00f3 fruit del coneixement.<\/p>\n<p><strong>Per a m\u00e9s informaci\u00f3<\/strong> sobre el lliurament de premis i l&#8217;actualitat del Programa Innova, podeu consultar:<\/p>\n<p><a href=\"http:\/\/pinnova.upc.edu\/\" target=\"_blank\">http:\/\/pinnova.upc.edu\/<\/a><\/p>\n","protected":false},"excerpt":{"rendered":"<p>Aquests guardons pretenen contribuir a fomentar l&#8217;esperit emprenedor i la cultura de la innovaci\u00f3 entre els estudiants de la Universitat Polit\u00e8cnica de Catalunya. El concurs va n\u00e9ixer amb el prop\u00f2sit d&#8217;animar els estudiants per tal que apliquin el coneixement rebut durant els estudis. Amb la seva formaci\u00f3 i l&#8217;experi\u00e8ncia professional adquirida podran desenvolupar serveis i &#8230; <a title=\"Lliurament dels guardons Concurs Empr\u00e8n UPC\" class=\"read-more\" href=\"https:\/\/www.citm.upc.edu\/blog\/lliurament-dels-guardons-concurs-empren-upc\/?lang=ca\" aria-label=\"Read more about Lliurament dels guardons Concurs Empr\u00e8n UPC\">Leer m\u00e1s<\/a><\/p>\n","protected":false},"author":2,"featured_media":0,"comment_status":"open","ping_status":"open","sticky":false,"template":"","format":"standard","meta":{"footnotes":""},"categories":[1],"tags":[],"class_list":["post-727","post","type-post","status-publish","format-standard","hentry","category-uncategorized"],"aioseo_notices":[],"_links":{"self":[{"href":"https:\/\/www.citm.upc.edu\/blog\/wp-json\/wp\/v2\/posts\/727","targetHints":{"allow":["GET"]}}],"collection":[{"href":"https:\/\/www.citm.upc.edu\/blog\/wp-json\/wp\/v2\/posts"}],"about":[{"href":"https:\/\/www.citm.upc.edu\/blog\/wp-json\/wp\/v2\/types\/post"}],"author":[{"embeddable":true,"href":"https:\/\/www.citm.upc.edu\/blog\/wp-json\/wp\/v2\/users\/2"}],"replies":[{"embeddable":true,"href":"https:\/\/www.citm.upc.edu\/blog\/wp-json\/wp\/v2\/comments?post=727"}],"version-history":[{"count":0,"href":"https:\/\/www.citm.upc.edu\/blog\/wp-json\/wp\/v2\/posts\/727\/revisions"}],"wp:attachment":[{"href":"https:\/\/www.citm.upc.edu\/blog\/wp-json\/wp\/v2\/media?parent=727"}],"wp:term":[{"taxonomy":"category","embeddable":true,"href":"https:\/\/www.citm.upc.edu\/blog\/wp-json\/wp\/v2\/categories?post=727"},{"taxonomy":"post_tag","embeddable":true,"href":"https:\/\/www.citm.upc.edu\/blog\/wp-json\/wp\/v2\/tags?post=727"}],"curies":[{"name":"wp","href":"https:\/\/api.w.org\/{rel}","templated":true}]}}