{"id":791,"date":"2014-04-07T00:00:00","date_gmt":"2014-04-06T22:00:00","guid":{"rendered":"http:\/\/www.citm.upc.edu\/blog\/?p=791"},"modified":"2014-06-30T16:59:34","modified_gmt":"2014-06-30T14:59:34","slug":"lluis-busse-professor-del-grau-en-fotografia-i-creacio-digital-del-citm-participa-com-a-creador-del-mes-a-eyecatalunya","status":"publish","type":"post","link":"https:\/\/www.citm.upc.edu\/blog\/lluis-busse-professor-del-grau-en-fotografia-i-creacio-digital-del-citm-participa-com-a-creador-del-mes-a-eyecatalunya\/?lang=ca","title":{"rendered":"Llu\u00eds Buss\u00e9, professor del Grau en Fotografia i Creaci\u00f3 Digital del CITM, participa com a creador del mes a EYECatalunya"},"content":{"rendered":"<p>Els usuaris de la web <strong>EYECatalunya<\/strong> poden participar en temps real en les entrevistes que Patricia Caicedo far\u00e0 en el Centre d&#8217;Arts Santa M\u00f3nica a Barcelona. Els usuaris poden connectar-se des dels seus dispositius i fer les preguntes que consideren als entrevistats i intercanviar idees i impressions al voltant de les seves creacions.<\/p>\n<p><strong>Llu\u00eds Buss\u00e9<\/strong> (Barcelona, 1961) \u00e9s fotogr\u00e0f, t\u00e9 un PhD en filosofia i el grau de belles arts per la Universitat de Barcelona. Actualment \u00e9s professor del <a href=\"http:\/\/www.citm.upc.edu\/cat\/estudis\/grau-fotografia\/presentacio\/\" target=\"_blank\">Grau en Fotografia i Creaci\u00f3 Digital <\/a>del CITM.<!--more--><\/p>\n<p>En la seva web comparteix el seu treball fotogr\u00e0fic en la s\u00e8rie titulada<em> Tributes to people I like<\/em> i en la secci\u00f3 <em>Close Up<\/em>. En 2012 va publicar <em>Barcelona Multiverse<\/em>, un llibre de fotografies que es va exposar tamb\u00e9 en el Palau Robert in Barcelona. En 2013 va publicar el llibre de poesia <em>Glasgow 15<\/em>.<a href=\"https:\/\/www.citm.upc.edu\/blog\/wp-content\/uploads\/2014\/04\/lluisbusse.jpg\"><img loading=\"lazy\" decoding=\"async\" class=\"alignleft wp-image-865 size-full\" src=\"https:\/\/www.citm.upc.edu\/blog\/wp-content\/uploads\/2014\/04\/lluisbusse.jpg\" alt=\"lluis_busse\" width=\"217\" height=\"142\" \/><\/a><\/p>\n<p><strong>M\u00e9s informaci\u00f3: <\/strong><a href=\"http:\/\/www.eyecatalunya.com\/ca-ES\/\" target=\"_blank\">EYECatalunya<\/a><\/p>\n","protected":false},"excerpt":{"rendered":"<p>Els usuaris de la web EYECatalunya poden participar en temps real en les entrevistes que Patricia Caicedo far\u00e0 en el Centre d&#8217;Arts Santa M\u00f3nica a Barcelona. Els usuaris poden connectar-se des dels seus dispositius i fer les preguntes que consideren als entrevistats i intercanviar idees i impressions al voltant de les seves creacions. Llu\u00eds Buss\u00e9 &#8230; <a title=\"Llu\u00eds Buss\u00e9, professor del Grau en Fotografia i Creaci\u00f3 Digital del CITM, participa com a creador del mes a EYECatalunya\" class=\"read-more\" href=\"https:\/\/www.citm.upc.edu\/blog\/lluis-busse-professor-del-grau-en-fotografia-i-creacio-digital-del-citm-participa-com-a-creador-del-mes-a-eyecatalunya\/?lang=ca\" aria-label=\"Read more about Llu\u00eds Buss\u00e9, professor del Grau en Fotografia i Creaci\u00f3 Digital del CITM, participa com a creador del mes a EYECatalunya\">Leer m\u00e1s<\/a><\/p>\n","protected":false},"author":2,"featured_media":865,"comment_status":"open","ping_status":"open","sticky":false,"template":"","format":"standard","meta":{"footnotes":""},"categories":[10],"tags":[],"class_list":["post-791","post","type-post","status-publish","format-standard","has-post-thumbnail","hentry","category-fotografia-2"],"aioseo_notices":[],"_links":{"self":[{"href":"https:\/\/www.citm.upc.edu\/blog\/wp-json\/wp\/v2\/posts\/791","targetHints":{"allow":["GET"]}}],"collection":[{"href":"https:\/\/www.citm.upc.edu\/blog\/wp-json\/wp\/v2\/posts"}],"about":[{"href":"https:\/\/www.citm.upc.edu\/blog\/wp-json\/wp\/v2\/types\/post"}],"author":[{"embeddable":true,"href":"https:\/\/www.citm.upc.edu\/blog\/wp-json\/wp\/v2\/users\/2"}],"replies":[{"embeddable":true,"href":"https:\/\/www.citm.upc.edu\/blog\/wp-json\/wp\/v2\/comments?post=791"}],"version-history":[{"count":4,"href":"https:\/\/www.citm.upc.edu\/blog\/wp-json\/wp\/v2\/posts\/791\/revisions"}],"predecessor-version":[{"id":867,"href":"https:\/\/www.citm.upc.edu\/blog\/wp-json\/wp\/v2\/posts\/791\/revisions\/867"}],"wp:featuredmedia":[{"embeddable":true,"href":"https:\/\/www.citm.upc.edu\/blog\/wp-json\/wp\/v2\/media\/865"}],"wp:attachment":[{"href":"https:\/\/www.citm.upc.edu\/blog\/wp-json\/wp\/v2\/media?parent=791"}],"wp:term":[{"taxonomy":"category","embeddable":true,"href":"https:\/\/www.citm.upc.edu\/blog\/wp-json\/wp\/v2\/categories?post=791"},{"taxonomy":"post_tag","embeddable":true,"href":"https:\/\/www.citm.upc.edu\/blog\/wp-json\/wp\/v2\/tags?post=791"}],"curies":[{"name":"wp","href":"https:\/\/api.w.org\/{rel}","templated":true}]}}