{"id":8110,"date":"2023-03-27T17:24:41","date_gmt":"2023-03-27T15:24:41","guid":{"rendered":"https:\/\/www.citm.upc.edu\/blog\/?p=8110"},"modified":"2023-03-27T17:29:12","modified_gmt":"2023-03-27T15:29:12","slug":"abierto-el-plazo-para-solicitar-la-beca-del-ministerio-de-educacion-para-el-curso-2023-2024","status":"publish","type":"post","link":"https:\/\/www.citm.upc.edu\/blog\/abierto-el-plazo-para-solicitar-la-beca-del-ministerio-de-educacion-para-el-curso-2023-2024\/","title":{"rendered":"Abierto el plazo para solicitar la beca del Ministerio de Educaci\u00f3n para el curso 2023-2024"},"content":{"rendered":"<p>Anualmente, el Ministerio de Educaci\u00f3n y Formaci\u00f3n Profesional (MEFP) convoca la <strong>beca de car\u00e1cter general<\/strong> dirigida a personas que deseen cursar estudios universitarios oficiales de grado y\/o de m\u00e1ster universitario. Para matricularse en titulaciones del pr\u00f3ximo curso acad\u00e9mico 2023-2024, el <strong>per\u00edodo de solicitud<\/strong> de la beca MEC estar\u00e1 <strong>abierto del 27 de marzo al 17 de mayo de 2023<\/strong>.<!--more--><\/p>\n<p><a href=\"https:\/\/www.citm.upc.edu\/blog\/wp-content\/uploads\/2023\/03\/GRAL_2023_cat.png_1804520251-e1679930256694.png\" target=\"_blank\" rel=\"noopener\"><img loading=\"lazy\" decoding=\"async\" class=\"alignleft wp-image-8106 size-medium\" src=\"https:\/\/www.citm.upc.edu\/blog\/wp-content\/uploads\/2023\/03\/GRAL_2023_cat.png_1804520251-300x105.png\" alt=\"\" width=\"300\" height=\"105\" srcset=\"https:\/\/www.citm.upc.edu\/blog\/wp-content\/uploads\/2023\/03\/GRAL_2023_cat.png_1804520251-300x105.png 300w, https:\/\/www.citm.upc.edu\/blog\/wp-content\/uploads\/2023\/03\/GRAL_2023_cat.png_1804520251-1024x357.png 1024w, https:\/\/www.citm.upc.edu\/blog\/wp-content\/uploads\/2023\/03\/GRAL_2023_cat.png_1804520251-768x268.png 768w, https:\/\/www.citm.upc.edu\/blog\/wp-content\/uploads\/2023\/03\/GRAL_2023_cat.png_1804520251-1536x535.png 1536w, https:\/\/www.citm.upc.edu\/blog\/wp-content\/uploads\/2023\/03\/GRAL_2023_cat.png_1804520251.png 2043w\" sizes=\"auto, (max-width: 300px) 100vw, 300px\" \/><\/a>Es importante que solicites la beca en el plazo asignado, independientemente de no saber todav\u00eda qu\u00e9 titulaci\u00f3n en concreto vas a estudiar o, incluso, si todav\u00eda no sabes si vas a continuar estudiando. Tambi\u00e9n tendr\u00e1s que solicitarla ahora aunque no est\u00e9s seguro de cumplir todos los requisitos. Una vez cumplido el plazo, la ayuda general del MEFP no podr\u00e1 ser solicitada.<\/p>\n<p>En Catalu\u00f1a esta beca est\u00e1 gestionada por la Agencia de Gesti\u00f3n de Ayudas Universitarias y de Investigaci\u00f3n (AGAUR), que se encargar\u00e1 de revisar los requisitos generales, econ\u00f3micos y acad\u00e9micos de cada candidato.<\/p>\n<p>En los centros adscritos, como el CITM, la beca en LA matr\u00edcula se aplica exclusivamente a la parte del precio p\u00fablico. Este importe se indica en el decreto de precios que se aprueba anualmente en el mes de julio. En el curso 2022-2023, la ayuda fue de 18,46\u202f\u20ac por cr\u00e9dito ECTS.<\/p>\n<p>Consulta m\u00e1s informaci\u00f3n en la web de <strong><a href=\"https:\/\/agaur.gencat.cat\/ca\/beques-i-ajuts\/pagines-especials\/beques-i-ajuts-per-estudis-universitaris1\/beca-general-ministeri\/index.html\" target=\"_blank\" rel=\"noopener\">AGAUR<\/a> <\/strong>y haz efectiva <strong><a href=\"https:\/\/www.becaseducacion.gob.es\/becas-y-ayudas\/universidad-grado-master\/como-solicitarla.html#pasos-para-solicitarla\" target=\"_blank\" rel=\"noopener\">aqu\u00ed<\/a> <\/strong>tu solicitud en la web del MEFP antes del 17 de mayo.<\/p>\n<p><a href=\"https:\/\/www.citm.upc.edu\/esp\/alumnes\/beques\/\" target=\"_blank\" rel=\"noopener\"><strong>Consulta otras becas, pr\u00e9stamos y ayudas del CITM.<\/strong><\/a><\/p>\n","protected":false},"excerpt":{"rendered":"<p>Anualmente, el Ministerio de Educaci\u00f3n y Formaci\u00f3n Profesional (MEFP) convoca la beca de car\u00e1cter general dirigida a personas que deseen cursar estudios universitarios oficiales de grado y\/o de m\u00e1ster universitario. Para matricularse en titulaciones del pr\u00f3ximo curso acad\u00e9mico 2023-2024, el per\u00edodo de solicitud de la beca MEC estar\u00e1 abierto del 27 de marzo al 17 &#8230; <a title=\"Abierto el plazo para solicitar la beca del Ministerio de Educaci\u00f3n para el curso 2023-2024\" class=\"read-more\" href=\"https:\/\/www.citm.upc.edu\/blog\/abierto-el-plazo-para-solicitar-la-beca-del-ministerio-de-educacion-para-el-curso-2023-2024\/\" aria-label=\"Read more about Abierto el plazo para solicitar la beca del Ministerio de Educaci\u00f3n para el curso 2023-2024\">Leer m\u00e1s<\/a><\/p>\n","protected":false},"author":2,"featured_media":8100,"comment_status":"closed","ping_status":"closed","sticky":false,"template":"","format":"standard","meta":{"footnotes":""},"categories":[23,17,19],"tags":[682,549,794,998,795,548],"class_list":["post-8110","post","type-post","status-publish","format-standard","has-post-thumbnail","hentry","category-animacion-digital","category-multimedia-2","category-videojuegos","tag-ayudas-grados","tag-ayudas-matricula","tag-ayudas-mec","tag-beca-general-mec","tag-beca-general-ministerio","tag-becas"],"aioseo_notices":[],"_links":{"self":[{"href":"https:\/\/www.citm.upc.edu\/blog\/wp-json\/wp\/v2\/posts\/8110","targetHints":{"allow":["GET"]}}],"collection":[{"href":"https:\/\/www.citm.upc.edu\/blog\/wp-json\/wp\/v2\/posts"}],"about":[{"href":"https:\/\/www.citm.upc.edu\/blog\/wp-json\/wp\/v2\/types\/post"}],"author":[{"embeddable":true,"href":"https:\/\/www.citm.upc.edu\/blog\/wp-json\/wp\/v2\/users\/2"}],"replies":[{"embeddable":true,"href":"https:\/\/www.citm.upc.edu\/blog\/wp-json\/wp\/v2\/comments?post=8110"}],"version-history":[{"count":2,"href":"https:\/\/www.citm.upc.edu\/blog\/wp-json\/wp\/v2\/posts\/8110\/revisions"}],"predecessor-version":[{"id":8114,"href":"https:\/\/www.citm.upc.edu\/blog\/wp-json\/wp\/v2\/posts\/8110\/revisions\/8114"}],"wp:featuredmedia":[{"embeddable":true,"href":"https:\/\/www.citm.upc.edu\/blog\/wp-json\/wp\/v2\/media\/8100"}],"wp:attachment":[{"href":"https:\/\/www.citm.upc.edu\/blog\/wp-json\/wp\/v2\/media?parent=8110"}],"wp:term":[{"taxonomy":"category","embeddable":true,"href":"https:\/\/www.citm.upc.edu\/blog\/wp-json\/wp\/v2\/categories?post=8110"},{"taxonomy":"post_tag","embeddable":true,"href":"https:\/\/www.citm.upc.edu\/blog\/wp-json\/wp\/v2\/tags?post=8110"}],"curies":[{"name":"wp","href":"https:\/\/api.w.org\/{rel}","templated":true}]}}