{"id":8174,"date":"2023-04-27T11:36:00","date_gmt":"2023-04-27T09:36:00","guid":{"rendered":"https:\/\/www.citm.upc.edu\/blog\/?p=8174"},"modified":"2023-05-12T10:31:59","modified_gmt":"2023-05-12T08:31:59","slug":"el-10-de-mayo-celebracion-de-los-25-anos-de-los-estudios-en-multimedia","status":"publish","type":"post","link":"https:\/\/www.citm.upc.edu\/blog\/el-10-de-mayo-celebracion-de-los-25-anos-de-los-estudios-en-multimedia\/","title":{"rendered":"Celebraci\u00f3n de los 25 a\u00f1os de los estudios en Multimedia"},"content":{"rendered":"<p>El CITM celebra este curso 2022-2023 el<strong> 25 aniversario de sus estudios en Multimedia<\/strong>. Con motivo de estos 25 a\u00f1os de recorrido formativo y experiencia investigadora en el Centro, ha organizado una jornada especial de celebraci\u00f3n para el pr\u00f3ximo mi\u00e9rcoles <strong>10 de mayo, a las 18h, en el Plat\u00f3 del CITM<\/strong>, que ser\u00e1 punto de reencuentro y debate entre la comunidad alumni, profesorado, estudiantado actual y profesionales del sector.<!--more--><\/p>\n<p>Durante el acto contaremos con la <strong>participaci\u00f3n de varios alumni del grado en Multimedia<\/strong> en 2 mesas redondas donde se reflexionar\u00e1 sobre la evoluci\u00f3n y versatilidad del perfil multimedia y sobre el emprendimiento en el sector. Planteado como punto de reencuentro de la comunidad CITM, el acto ofrecer\u00e1 un espacio de reflexi\u00f3n, debate y <em>networking<\/em> sobre la profesi\u00f3n multimedia, su evoluci\u00f3n y sus oportunidades de presente y futuro.<\/p>\n<p>El evento va dirigido, en particular, a la comunidad alumni del grado en Multimedia y a los estudiantes actuales del CITM, pero tambi\u00e9n est\u00e1 abierto a todas aquellas personas que tengan inter\u00e9s en la industria de las tecnolog\u00edas digitales y multimedia.<\/p>\n<p>Este es el programa del acto:<\/p>\n<ul class=\"disc\">\n<li>18:00\u202fh &#8211; <strong>Bienvenida<\/strong> institucional. A cargo de <strong>Joan Gispets<\/strong>, vicerrector de Pol\u00edtica Universitaria de la UPC, y <strong>Carles Sora,<\/strong> director del CITM.<\/li>\n<\/ul>\n<ul class=\"disc\">\n<li>18:10\u202fh &#8211; <strong>Mesa redonda: \u00abLa Transversalidad y Adaptabilidad del Perfil Multimedia\u00bb<\/strong>. Con la participaci\u00f3n de los alumni:<\/li>\n<\/ul>\n<ul>\n<li style=\"list-style-type: none;\">\n<ul class=\"disc\">\n<li><strong>Judit Casacuberta<\/strong>, UX Researcher en GAMMAUX.<\/li>\n<li><strong>Laia Turmo<\/strong>, investigadora postdoctoral en i_mBODY Lab (Universidad Carlos III de Madrid) en dise\u00f1o de interacci\u00f3n (IxD) y user experience (UX).<\/li>\n<li><strong>Marc Mart\u00ed,<\/strong> director de Arte en Socialpoint.<\/li>\n<\/ul>\n<\/li>\n<\/ul>\n<ul class=\"disc\">\n<li>19:00\u202fh &#8211; <strong>Conversaciones sobre la evoluci\u00f3n del perfil multimedia<\/strong>. El nuevo grado en Dise\u00f1o Digital y Tecnolog\u00edas Multimedia del CITM. Con <strong>Carles Sora<\/strong>, director del CITM, y <strong>Josep Maria Monguet<\/strong>, exdirector del CITM y fundador de los estudios en Multimedia del Centro.<\/li>\n<\/ul>\n<ul class=\"disc\">\n<li>19:20 h &#8211;<strong> Mesa redonda: \u00abEmprendimiento en el Sector Digital\u00bb. <\/strong>Con la participaci\u00f3n de los alumni:<\/li>\n<\/ul>\n<ul>\n<li style=\"list-style-type: none;\">\n<ul class=\"disc\">\n<li><strong>Helena C\u00f3rdoba<\/strong>, productora esc\u00e9nica multimedia y directora de FUSE Company by Messcellany.<\/li>\n<li><strong>Eduard Llovet<\/strong>, director de producto en ElectroMaps. Cofundador de Nautal y Yumminn y ex lead product manager en Doctoralia.<\/li>\n<li><strong>Adri\u00e1n Dorado,<\/strong> cofundador de Qualud, eHealth product designer y UX\/ UI lead.<\/li>\n<li><strong>Marc Teixid\u00f3<\/strong>, fundador y director creativo de Norte Image Studio.<\/li>\n<\/ul>\n<\/li>\n<\/ul>\n<ul class=\"disc\">\n<li>20:00\u202fh &#8211; Presentaci\u00f3n de la plataforma UPC AlumniM\u00e9s.<\/li>\n<li>20: 15\u202fh &#8211; Cierre del acto y espacio de <strong><em>networking<\/em><\/strong>.<\/li>\n<\/ul>\n<p><a href=\"https:\/\/www.citm.upc.edu\/esp\/agenda\/2023\/05\/10\/commemoracio-dels-25-anys-del-grau-en-multimedia\/3498\/assistir\/\" target=\"_blank\" rel=\"noopener\"><strong>\u00a1INSCR\u00cdBETE!<\/strong><\/a><\/p>\n","protected":false},"excerpt":{"rendered":"<p>El CITM celebra este curso 2022-2023 el 25 aniversario de sus estudios en Multimedia. Con motivo de estos 25 a\u00f1os de recorrido formativo y experiencia investigadora en el Centro, ha organizado una jornada especial de celebraci\u00f3n para el pr\u00f3ximo mi\u00e9rcoles 10 de mayo, a las 18h, en el Plat\u00f3 del CITM, que ser\u00e1 punto de &#8230; <a title=\"Celebraci\u00f3n de los 25 a\u00f1os de los estudios en Multimedia\" class=\"read-more\" href=\"https:\/\/www.citm.upc.edu\/blog\/el-10-de-mayo-celebracion-de-los-25-anos-de-los-estudios-en-multimedia\/\" aria-label=\"Read more about Celebraci\u00f3n de los 25 a\u00f1os de los estudios en Multimedia\">Leer m\u00e1s<\/a><\/p>\n","protected":false},"author":2,"featured_media":8164,"comment_status":"closed","ping_status":"closed","sticky":false,"template":"","format":"standard","meta":{"footnotes":""},"categories":[108,17],"tags":[1024,1028,974,1025,130,1027,1026],"class_list":["post-8174","post","type-post","status-publish","format-standard","has-post-thumbnail","hentry","category-institucional-2","category-multimedia-2","tag-25-aniversario-multimedia","tag-alumni-citm-2","tag-alumni-multimedia-2","tag-grado-en-diseno-digital-y-tecnologias-multimedia","tag-grado-en-multimedia","tag-industria-digital","tag-perfiles-multimedia"],"aioseo_notices":[],"_links":{"self":[{"href":"https:\/\/www.citm.upc.edu\/blog\/wp-json\/wp\/v2\/posts\/8174","targetHints":{"allow":["GET"]}}],"collection":[{"href":"https:\/\/www.citm.upc.edu\/blog\/wp-json\/wp\/v2\/posts"}],"about":[{"href":"https:\/\/www.citm.upc.edu\/blog\/wp-json\/wp\/v2\/types\/post"}],"author":[{"embeddable":true,"href":"https:\/\/www.citm.upc.edu\/blog\/wp-json\/wp\/v2\/users\/2"}],"replies":[{"embeddable":true,"href":"https:\/\/www.citm.upc.edu\/blog\/wp-json\/wp\/v2\/comments?post=8174"}],"version-history":[{"count":4,"href":"https:\/\/www.citm.upc.edu\/blog\/wp-json\/wp\/v2\/posts\/8174\/revisions"}],"predecessor-version":[{"id":8226,"href":"https:\/\/www.citm.upc.edu\/blog\/wp-json\/wp\/v2\/posts\/8174\/revisions\/8226"}],"wp:featuredmedia":[{"embeddable":true,"href":"https:\/\/www.citm.upc.edu\/blog\/wp-json\/wp\/v2\/media\/8164"}],"wp:attachment":[{"href":"https:\/\/www.citm.upc.edu\/blog\/wp-json\/wp\/v2\/media?parent=8174"}],"wp:term":[{"taxonomy":"category","embeddable":true,"href":"https:\/\/www.citm.upc.edu\/blog\/wp-json\/wp\/v2\/categories?post=8174"},{"taxonomy":"post_tag","embeddable":true,"href":"https:\/\/www.citm.upc.edu\/blog\/wp-json\/wp\/v2\/tags?post=8174"}],"curies":[{"name":"wp","href":"https:\/\/api.w.org\/{rel}","templated":true}]}}