{"id":8236,"date":"2023-05-12T10:44:32","date_gmt":"2023-05-12T08:44:32","guid":{"rendered":"https:\/\/www.citm.upc.edu\/blog\/?p=8236"},"modified":"2023-05-12T10:45:58","modified_gmt":"2023-05-12T08:45:58","slug":"3-estudiantes-del-citm-participan-en-la-artathon-auge-del-espronceda-institute-of-arts-culture","status":"publish","type":"post","link":"https:\/\/www.citm.upc.edu\/blog\/3-estudiantes-del-citm-participan-en-la-artathon-auge-del-espronceda-institute-of-arts-culture\/","title":{"rendered":"3 estudiantes del CITM participan en la Artathon AugE del Espronceda Institute of Arts &#038; Culture"},"content":{"rendered":"<p>El pasado 27 de abril, Espronceda Institute of Arts &amp; Culture organiz\u00f3 presencialmente en su sede una <strong>Artathon enmarcada en el proyecto AugE | Aumented Europe de la Uni\u00f3n Europea<\/strong>, y centrada en la tem\u00e1tica <strong><em>Avatar &amp; Metaverso: G\u00e9nero e Identida<\/em><em>d<\/em><\/strong>. Los estudiantes del CITM Lorena Gracia Fargas, Judith Berenguer Guinovart y Daniel Anter Tolonsk de Melo, acompa\u00f1ados por la profesora Esen K\u00fc\u00e7\u00fckt\u00fct\u00fcnc\u00fc, fueron unos de los protagonistas de esta sesi\u00f3n.<!--more--><\/p>\n<p><a href=\"https:\/\/www.citm.upc.edu\/blog\/wp-content\/uploads\/2023\/05\/GrupsTreball-scaled-e1683880230823.jpg\" target=\"_blank\" rel=\"noopener\"><img loading=\"lazy\" decoding=\"async\" class=\"alignleft wp-image-8223 size-medium\" src=\"https:\/\/www.citm.upc.edu\/blog\/wp-content\/uploads\/2023\/05\/GrupsTreball-300x225.jpg\" alt=\"\" width=\"300\" height=\"225\" srcset=\"https:\/\/www.citm.upc.edu\/blog\/wp-content\/uploads\/2023\/05\/GrupsTreball-300x225.jpg 300w, https:\/\/www.citm.upc.edu\/blog\/wp-content\/uploads\/2023\/05\/GrupsTreball-1024x768.jpg 1024w, https:\/\/www.citm.upc.edu\/blog\/wp-content\/uploads\/2023\/05\/GrupsTreball-768x576.jpg 768w, https:\/\/www.citm.upc.edu\/blog\/wp-content\/uploads\/2023\/05\/GrupsTreball-1536x1152.jpg 1536w, https:\/\/www.citm.upc.edu\/blog\/wp-content\/uploads\/2023\/05\/GrupsTreball-2048x1536.jpg 2048w\" sizes=\"auto, (max-width: 300px) 100vw, 300px\" \/><\/a>La jornada se inici\u00f3 con una breve presentaci\u00f3n y una charla inspiracional a cargo de la activista digital Marta Ordeig (Hack the hospital project\/Garage Stories). A continuaci\u00f3n, se inici\u00f3 la <strong>sesi\u00f3n de cocreaci\u00f3n<\/strong>, en grupos moderados por los distintos facilitadores. En medio de la jornada, Katharina Hof, de Ars Electronica, daba una charla para presentar esta instituci\u00f3n de creaci\u00f3n digital. Para finalizar, se presentaron las primeras ideas y prototipos, adem\u00e1s de una serie de conclusiones.<\/p>\n<p>Esta sesi\u00f3n se enmarca en el <a href=\"https:\/\/augenext.eu\/auge-2nd-second-chapter\/\" target=\"_blank\" rel=\"noopener\"><strong>proyecto AugE | Augmented Europe<\/strong>,<\/a> una iniciativa financiada por el Programa Ciudadanos, Igualdad, Derechos y Valores (CERV) de la Uni\u00f3n Europea. El proyecto busca implicar a los j\u00f3venes europeos activamente y a trav\u00e9s de los medios digitales, para dar forma al futuro de Europa de una forma m\u00e1s sostenible, inclusiva y resiliente. 6 grupos dirigidos por j\u00f3venes facilitadores, artistas y expertos reflexionan, desde Mil\u00e1n, Barcelona, Berl\u00edn, Riga y Gdansk, sobre c\u00f3mo la conciencia digital puede convertirse en una herramienta para la inclusi\u00f3n y el crecimiento.<\/p>\n<p>Los participantes pueden presentar posteriormente el proyecto y tener la oportunidad de conseguir uno de los 3 premios de 500 euros. Uno de los proyectos se presentar\u00e1 en el evento final en el Centro de Cultura de Mil\u00e1n en 2024.<\/p>\n","protected":false},"excerpt":{"rendered":"<p>El pasado 27 de abril, Espronceda Institute of Arts &amp; Culture organiz\u00f3 presencialmente en su sede una Artathon enmarcada en el proyecto AugE | Aumented Europe de la Uni\u00f3n Europea, y centrada en la tem\u00e1tica Avatar &amp; Metaverso: G\u00e9nero e Identidad. Los estudiantes del CITM Lorena Gracia Fargas, Judith Berenguer Guinovart y Daniel Anter Tolonsk &#8230; <a title=\"3 estudiantes del CITM participan en la Artathon AugE del Espronceda Institute of Arts &#038; Culture\" class=\"read-more\" href=\"https:\/\/www.citm.upc.edu\/blog\/3-estudiantes-del-citm-participan-en-la-artathon-auge-del-espronceda-institute-of-arts-culture\/\" aria-label=\"Read more about 3 estudiantes del CITM participan en la Artathon AugE del Espronceda Institute of Arts &#038; Culture\">Leer m\u00e1s<\/a><\/p>\n","protected":false},"author":2,"featured_media":8221,"comment_status":"closed","ping_status":"closed","sticky":false,"template":"","format":"standard","meta":{"footnotes":""},"categories":[99,17],"tags":[977,1047,571,581,1048,521,778,638],"class_list":["post-8236","post","type-post","status-publish","format-standard","has-post-thumbnail","hentry","category-concursos2","category-multimedia-2","tag-alumnado-citm","tag-creacion-digital","tag-creatividad","tag-creatividad-digital","tag-espronceda-institute-2","tag-estudiantes-citm","tag-metaverso","tag-proyectos-europeos"],"aioseo_notices":[],"_links":{"self":[{"href":"https:\/\/www.citm.upc.edu\/blog\/wp-json\/wp\/v2\/posts\/8236","targetHints":{"allow":["GET"]}}],"collection":[{"href":"https:\/\/www.citm.upc.edu\/blog\/wp-json\/wp\/v2\/posts"}],"about":[{"href":"https:\/\/www.citm.upc.edu\/blog\/wp-json\/wp\/v2\/types\/post"}],"author":[{"embeddable":true,"href":"https:\/\/www.citm.upc.edu\/blog\/wp-json\/wp\/v2\/users\/2"}],"replies":[{"embeddable":true,"href":"https:\/\/www.citm.upc.edu\/blog\/wp-json\/wp\/v2\/comments?post=8236"}],"version-history":[{"count":1,"href":"https:\/\/www.citm.upc.edu\/blog\/wp-json\/wp\/v2\/posts\/8236\/revisions"}],"predecessor-version":[{"id":8237,"href":"https:\/\/www.citm.upc.edu\/blog\/wp-json\/wp\/v2\/posts\/8236\/revisions\/8237"}],"wp:featuredmedia":[{"embeddable":true,"href":"https:\/\/www.citm.upc.edu\/blog\/wp-json\/wp\/v2\/media\/8221"}],"wp:attachment":[{"href":"https:\/\/www.citm.upc.edu\/blog\/wp-json\/wp\/v2\/media?parent=8236"}],"wp:term":[{"taxonomy":"category","embeddable":true,"href":"https:\/\/www.citm.upc.edu\/blog\/wp-json\/wp\/v2\/categories?post=8236"},{"taxonomy":"post_tag","embeddable":true,"href":"https:\/\/www.citm.upc.edu\/blog\/wp-json\/wp\/v2\/tags?post=8236"}],"curies":[{"name":"wp","href":"https:\/\/api.w.org\/{rel}","templated":true}]}}