{"id":8276,"date":"2023-05-19T10:59:55","date_gmt":"2023-05-19T08:59:55","guid":{"rendered":"https:\/\/www.citm.upc.edu\/blog\/?p=8276"},"modified":"2023-05-19T11:53:09","modified_gmt":"2023-05-19T09:53:09","slug":"el-citm-celebra-el-25e-aniversari-dels-seus-estudis-en-multimedia","status":"publish","type":"post","link":"https:\/\/www.citm.upc.edu\/blog\/el-citm-celebra-el-25e-aniversari-dels-seus-estudis-en-multimedia\/?lang=ca","title":{"rendered":"El CITM celebra el 25\u00e8 aniversari dels seus estudis en Multim\u00e8dia"},"content":{"rendered":"<p>El 10 de maig, el Centre de la Imatge i la Tecnologia Multim\u00e8dia va viure una jornada molt especial. Aquest curs 2022-2023, els seus estudis en Multim\u00e8dia han complert 25 anys de traject\u00f2ria i el Centre va voler celebrar-ho amb una jornada de retrobament entre comunitat alumni, estudiantat actual, professorat i altres professionals i <em>partners<\/em> vinculats al Centre. <!--more--><\/p>\n<p>La jornada buscava, precisament, ser punt de retrobada de la comunitat CITM i oferir un espai de reflexi\u00f3 i debat sobre l\u2019evoluci\u00f3 del perfil multim\u00e8dia i l\u2019emprenedoria al sector. Al final de la sessi\u00f3, es va crear un espai de <em>networking<\/em> entre tots els assistents.<\/p>\n<p>L\u2019acte, que va estar condu\u00eft per la periodista i doctora en Comunicaci\u00f3 Eva Comas-Arnal, es va iniciar amb una <strong>benvinguda<\/strong> institucional, a c\u00e0rrec de <strong>Joan Gispets<\/strong>, vicerector de Pol\u00edtica Universit\u00e0ria de la Universitat Polit\u00e8cnica de Catalunya, i <strong>Carles Sora<\/strong>, director del CITM.<\/p>\n<p><a href=\"https:\/\/www.citm.upc.edu\/blog\/wp-content\/uploads\/2023\/05\/52889281535_735b79d0c2_h.jpg\" target=\"_blank\" rel=\"noopener\"><img loading=\"lazy\" decoding=\"async\" class=\"alignleft wp-image-8279 size-medium\" src=\"https:\/\/www.citm.upc.edu\/blog\/wp-content\/uploads\/2023\/05\/52889281535_735b79d0c2_h-300x200.jpg\" alt=\"\" width=\"300\" height=\"200\" srcset=\"https:\/\/www.citm.upc.edu\/blog\/wp-content\/uploads\/2023\/05\/52889281535_735b79d0c2_h-300x200.jpg 300w, https:\/\/www.citm.upc.edu\/blog\/wp-content\/uploads\/2023\/05\/52889281535_735b79d0c2_h-1024x683.jpg 1024w, https:\/\/www.citm.upc.edu\/blog\/wp-content\/uploads\/2023\/05\/52889281535_735b79d0c2_h-768x512.jpg 768w, https:\/\/www.citm.upc.edu\/blog\/wp-content\/uploads\/2023\/05\/52889281535_735b79d0c2_h.jpg 1440w\" sizes=\"auto, (max-width: 300px) 100vw, 300px\" \/><\/a>A continuaci\u00f3, es va iniciar la <strong>taula rodona: \u00abLa Transversalitat i Adaptabilitat del Perfil Multim\u00e8dia\u00bb<\/strong>. La sessi\u00f3 va posar l\u2019accent en la traject\u00f2ria professional dels diferents exalumnes i en el valor de la multidisciplinarietat que atorga el grau a l\u2019hora de desenvolupar-se professionalment en el camp de les ind\u00fastries digitals. Els protagonistes d\u2019aquest bloc van ser:<\/p>\n<ul>\n<li><strong>Judit Casacuberta<\/strong>, UX Researcher a GAMMAUX.<\/li>\n<li><strong>Laia Turmo, <\/strong>investigadora postdoctoral a i_mBODY Lab (Universidad Carlos III de Madrid) en disseny d&#8217;interacci\u00f3 (IxD) i user experience (UX).<\/li>\n<li><strong>Marc Mart\u00ed<\/strong>, director d&#8217;Art a Socialpoint.<\/li>\n<li style=\"list-style-type: none;\"><\/li>\n<\/ul>\n<p><a href=\"https:\/\/www.citm.upc.edu\/blog\/wp-content\/uploads\/2023\/05\/52889281365_3a2367e82e_h.jpg\" target=\"_blank\" rel=\"noopener\"><img loading=\"lazy\" decoding=\"async\" class=\"alignleft wp-image-8281 size-thumbnail\" src=\"https:\/\/www.citm.upc.edu\/blog\/wp-content\/uploads\/2023\/05\/52889281365_3a2367e82e_h-150x150.jpg\" alt=\"\" width=\"150\" height=\"150\" \/><\/a>En el seg\u00fcent bloc, <strong>Josep Maria Monguet<\/strong>, primer director del CITM i fundador dels estudis en Multim\u00e8dia al Centre, i <strong>Carles Sora<\/strong>, director actual del CITM, van <strong>conversar sobre l\u2019evoluci\u00f3 del perfil multim\u00e8dia<\/strong> al llarg d\u2019aquests anys i van fer una prospectiva de futur de la professi\u00f3. A prop\u00f2sit d\u2019aix\u00f2, Carles Sora va fer una breu<strong> presentaci\u00f3 del nou grau en Disseny Digital i Tecnologies Multim\u00e8dia<\/strong> del CITM, la gran aposta formativa del Centre que consolida aquests 25 anys d\u2019experi\u00e8ncia responent alhora als nous aven\u00e7os tecnol\u00f2gics i tend\u00e8ncies professionals de la ind\u00fastria digital.<\/p>\n<p><a href=\"https:\/\/www.citm.upc.edu\/blog\/wp-content\/uploads\/2023\/05\/52888898726_a3c29172ca_h.jpg\" target=\"_blank\" rel=\"noopener\"><img loading=\"lazy\" decoding=\"async\" class=\"alignleft wp-image-8283 size-medium\" src=\"https:\/\/www.citm.upc.edu\/blog\/wp-content\/uploads\/2023\/05\/52888898726_a3c29172ca_h-300x200.jpg\" alt=\"\" width=\"300\" height=\"200\" srcset=\"https:\/\/www.citm.upc.edu\/blog\/wp-content\/uploads\/2023\/05\/52888898726_a3c29172ca_h-300x200.jpg 300w, https:\/\/www.citm.upc.edu\/blog\/wp-content\/uploads\/2023\/05\/52888898726_a3c29172ca_h-1024x683.jpg 1024w, https:\/\/www.citm.upc.edu\/blog\/wp-content\/uploads\/2023\/05\/52888898726_a3c29172ca_h-768x512.jpg 768w, https:\/\/www.citm.upc.edu\/blog\/wp-content\/uploads\/2023\/05\/52888898726_a3c29172ca_h.jpg 1440w\" sizes=\"auto, (max-width: 300px) 100vw, 300px\" \/><\/a>L\u2019acte va seguir amb la <strong>taula rodona:<\/strong> <strong>\u00abEmprenedoria al Sector Digital\u00bb<\/strong>, en la qual diferents exalumnes van exposar la seva traject\u00f2ria professional, fent accent en la seva experi\u00e8ncia emprenedora. Aquesta taula va comptar amb la participaci\u00f3 de:<\/p>\n<ul>\n<li><strong>Helena C\u00f3rdoba<\/strong>, productora esc\u00e8nica multim\u00e8dia i directora de FUSE Company by Messcellany.<\/li>\n<li><strong>Eduard Llovet<\/strong>, director de producte a ElectroMaps. Cofundador de Nautal i Yumminn i ex lead product manager a Doctoralia.<\/li>\n<li><strong>Adri\u00e1n Dorado<\/strong>, cofundador de Qualud, eHealth product designer i UX\/ UI lead.<\/li>\n<li style=\"list-style-type: none;\"><\/li>\n<\/ul>\n<p>L\u2019acte va finalitzar amb la presentaci\u00f3 de la <strong>plataforma UPCAlumniM\u00e9s<\/strong>, la nova eina per connectar la comunitat UPC, convidant els assistents a unir-se al <strong>Club CITM Alumni<\/strong>, un canal des d&#8217;on promoure el <em>networking<\/em> entre la comunitat CITM i descobrir nous avantatges. Per donar-se d&#8217;alta, cal entrar a la plataforma UPCAlumniM\u00e9s i clicar al bot\u00f3 <strong><a href=\"https:\/\/alumnimes.upc.edu\/\" target=\"_blank\" rel=\"noopener\">\u201cFes-te\u2019n Membre\u201d<\/a>.<\/strong><\/p>\n<p>L\u2019<strong>espai de <em>networking<\/em><\/strong>, amb un refrigeri per a tots els assistents i amenitzat amb la m\u00fasica de la DJ Miss Beat, va posar punt final a aquesta jornada tan especial de retrobament i celebraci\u00f3.<\/p>\n<p><a href=\"https:\/\/www.flickr.com\/photos\/citmupc\/albums\/72177720308191477\/with\/52888328277\/\" target=\"_blank\" rel=\"noopener\"><strong>Galeria completa de fotografies del 25\u00e8 aniversari dels estudis Multim\u00e8dia al CITM<\/strong><\/a><\/p>\n<p><strong>Videoresum de l&#8217;acte:<\/strong><\/p>\n<p><a href=\"https:\/\/vimeo.com\/826785133\" target=\"_blank\" rel=\"noopener\"><img loading=\"lazy\" decoding=\"async\" class=\"alignleft wp-image-8286\" src=\"https:\/\/www.citm.upc.edu\/blog\/wp-content\/uploads\/2023\/05\/25AnysMulti.jpg\" alt=\"\" width=\"841\" height=\"445\" \/><\/a><\/p>\n<p>&nbsp;<\/p>\n","protected":false},"excerpt":{"rendered":"<p>El 10 de maig, el Centre de la Imatge i la Tecnologia Multim\u00e8dia va viure una jornada molt especial. Aquest curs 2022-2023, els seus estudis en Multim\u00e8dia han complert 25 anys de traject\u00f2ria i el Centre va voler celebrar-ho amb una jornada de retrobament entre comunitat alumni, estudiantat actual, professorat i altres professionals i partners &#8230; <a title=\"El CITM celebra el 25\u00e8 aniversari dels seus estudis en Multim\u00e8dia\" class=\"read-more\" href=\"https:\/\/www.citm.upc.edu\/blog\/el-citm-celebra-el-25e-aniversari-dels-seus-estudis-en-multimedia\/?lang=ca\" aria-label=\"Read more about El CITM celebra el 25\u00e8 aniversari dels seus estudis en Multim\u00e8dia\">Leer m\u00e1s<\/a><\/p>\n","protected":false},"author":2,"featured_media":8291,"comment_status":"closed","ping_status":"closed","sticky":false,"template":"","format":"standard","meta":{"footnotes":""},"categories":[104,18],"tags":[1021,734,1022,1059,894,44],"class_list":["post-8276","post","type-post","status-publish","format-standard","has-post-thumbnail","hentry","category-institucional","category-multimedia1","tag-25-anys-multimedia","tag-alumni-multimedia","tag-aniversari-multimedia","tag-comunitat-citm","tag-estudiantat-multimedia","tag-grau-multimedia"],"aioseo_notices":[],"_links":{"self":[{"href":"https:\/\/www.citm.upc.edu\/blog\/wp-json\/wp\/v2\/posts\/8276","targetHints":{"allow":["GET"]}}],"collection":[{"href":"https:\/\/www.citm.upc.edu\/blog\/wp-json\/wp\/v2\/posts"}],"about":[{"href":"https:\/\/www.citm.upc.edu\/blog\/wp-json\/wp\/v2\/types\/post"}],"author":[{"embeddable":true,"href":"https:\/\/www.citm.upc.edu\/blog\/wp-json\/wp\/v2\/users\/2"}],"replies":[{"embeddable":true,"href":"https:\/\/www.citm.upc.edu\/blog\/wp-json\/wp\/v2\/comments?post=8276"}],"version-history":[{"count":13,"href":"https:\/\/www.citm.upc.edu\/blog\/wp-json\/wp\/v2\/posts\/8276\/revisions"}],"predecessor-version":[{"id":8310,"href":"https:\/\/www.citm.upc.edu\/blog\/wp-json\/wp\/v2\/posts\/8276\/revisions\/8310"}],"wp:featuredmedia":[{"embeddable":true,"href":"https:\/\/www.citm.upc.edu\/blog\/wp-json\/wp\/v2\/media\/8291"}],"wp:attachment":[{"href":"https:\/\/www.citm.upc.edu\/blog\/wp-json\/wp\/v2\/media?parent=8276"}],"wp:term":[{"taxonomy":"category","embeddable":true,"href":"https:\/\/www.citm.upc.edu\/blog\/wp-json\/wp\/v2\/categories?post=8276"},{"taxonomy":"post_tag","embeddable":true,"href":"https:\/\/www.citm.upc.edu\/blog\/wp-json\/wp\/v2\/tags?post=8276"}],"curies":[{"name":"wp","href":"https:\/\/api.w.org\/{rel}","templated":true}]}}