{"id":8361,"date":"2023-05-31T15:53:00","date_gmt":"2023-05-31T13:53:00","guid":{"rendered":"https:\/\/www.citm.upc.edu\/blog\/?p=8361"},"modified":"2023-06-12T13:01:22","modified_gmt":"2023-06-12T11:01:22","slug":"la-professora-carolina-lopez-comissaria-de-la-mostra-danimacio-revelations-per-al-festival-de-cannes","status":"publish","type":"post","link":"https:\/\/www.citm.upc.edu\/blog\/la-professora-carolina-lopez-comissaria-de-la-mostra-danimacio-revelations-per-al-festival-de-cannes\/?lang=ca","title":{"rendered":"La professora Carolina L\u00f3pez, comiss\u00e0ria de la mostra d&#8217;animaci\u00f3 &#8216;Revelations&#8217; per al Festival de Cannes"},"content":{"rendered":"<p>L&#8217;animaci\u00f3 espanyola no para de cr\u00e9ixer i ho fa ara marcant-se una fita sense precedents: la incorporaci\u00f3 al festival de cinema m\u00e9s important del m\u00f3n, el Festival de Cannes, amb la mostra <em><strong>Revelations New Spanish Animation Short Films<\/strong><\/em>. Un programa \u00fanic organitzat per ICEX i comissariat per Carolina L\u00f3pez, professora del CITM.<!--more--><\/p>\n<p><a href=\"https:\/\/www.citm.upc.edu\/blog\/wp-content\/uploads\/2023\/05\/Revelations-207x300.jpg\" target=\"_blank\" rel=\"noopener\"><img loading=\"lazy\" decoding=\"async\" class=\"alignleft wp-image-8359 size-medium\" src=\"https:\/\/www.citm.upc.edu\/blog\/wp-content\/uploads\/2023\/05\/Revelations-207x300.jpg\" alt=\"\" width=\"207\" height=\"300\" srcset=\"https:\/\/www.citm.upc.edu\/blog\/wp-content\/uploads\/2023\/05\/Revelations-207x300.jpg 207w, https:\/\/www.citm.upc.edu\/blog\/wp-content\/uploads\/2023\/05\/Revelations-705x1024.jpg 705w, https:\/\/www.citm.upc.edu\/blog\/wp-content\/uploads\/2023\/05\/Revelations-768x1115.jpg 768w, https:\/\/www.citm.upc.edu\/blog\/wp-content\/uploads\/2023\/05\/Revelations-1058x1536.jpg 1058w, https:\/\/www.citm.upc.edu\/blog\/wp-content\/uploads\/2023\/05\/Revelations.jpg 1236w\" sizes=\"auto, (max-width: 207px) 100vw, 207px\" \/><\/a>Espanya va ser el pa\u00eds convidat d&#8217;honor del March\u00e9 du Film durant la 76a edici\u00f3 del Festival de Cannes. L&#8217;animaci\u00f3, que tantes alegries ha donat a la cinematografia espanyola, europea i global, ha ocupat un lloc especial en aquesta festa amb la selecci\u00f3 dels treballs m\u00e9s destacats de l&#8217;actualitat. <em>Revelations. New Spanish Animation Short Films<\/em>, programa organitzat per ICEX i <strong>comissariat per la professora del CITM Carolina L\u00f3pez<\/strong>, ha projectat alguns dels millors curtmetratges d&#8217;animaci\u00f3 espanyols del panorama contemporani.<\/p>\n<p>Pel que fa a la pres\u00e8ncia destacada de l&#8217;animaci\u00f3 espanyola a Cannes, Carolina L\u00f3pez ha declarat que \u00abl&#8217;animaci\u00f3 espanyola \u00e9s sin\u00f2nim de creativitat, diversitat i talent. El format curt \u00e9s ideal per experimentar en llibertat i, d&#8217;alguna manera, suposa l&#8217;R+D de la ind\u00fastria\u00bb. Aquesta sessi\u00f3 ha mostrat l&#8217;ampli ventall tem\u00e0tic, est\u00e8tic i t\u00e8cnic d&#8217;un art i ind\u00fastria en expansi\u00f3. Ha incl\u00f2s peces en 2D, 3D i <em>stop motion<\/em>, d&#8217;autors i autores molt reconeguts, juntament amb altres emergents, amb un denominador com\u00fa: fer servir l&#8217;animaci\u00f3 com a mitj\u00e0 d&#8217;expressi\u00f3 personal, obrint noves vies que expandeixen un mitj\u00e0 amb un potencial incre\u00efble.<\/p>\n","protected":false},"excerpt":{"rendered":"<p>L&#8217;animaci\u00f3 espanyola no para de cr\u00e9ixer i ho fa ara marcant-se una fita sense precedents: la incorporaci\u00f3 al festival de cinema m\u00e9s important del m\u00f3n, el Festival de Cannes, amb la mostra Revelations New Spanish Animation Short Films. Un programa \u00fanic organitzat per ICEX i comissariat per Carolina L\u00f3pez, professora del CITM.<\/p>\n","protected":false},"author":2,"featured_media":8408,"comment_status":"closed","ping_status":"closed","sticky":false,"template":"","format":"standard","meta":{"footnotes":""},"categories":[22,911],"tags":[393,1070,450,887,857,207,513],"class_list":["post-8361","post","type-post","status-publish","format-standard","has-post-thumbnail","hentry","category-animacio-digital","category-professorat","tag-animacio","tag-cannes","tag-cinema","tag-cinema-danimacio","tag-professorat-animacio","tag-professorat-citm","tag-projectes-professorat"],"aioseo_notices":[],"_links":{"self":[{"href":"https:\/\/www.citm.upc.edu\/blog\/wp-json\/wp\/v2\/posts\/8361","targetHints":{"allow":["GET"]}}],"collection":[{"href":"https:\/\/www.citm.upc.edu\/blog\/wp-json\/wp\/v2\/posts"}],"about":[{"href":"https:\/\/www.citm.upc.edu\/blog\/wp-json\/wp\/v2\/types\/post"}],"author":[{"embeddable":true,"href":"https:\/\/www.citm.upc.edu\/blog\/wp-json\/wp\/v2\/users\/2"}],"replies":[{"embeddable":true,"href":"https:\/\/www.citm.upc.edu\/blog\/wp-json\/wp\/v2\/comments?post=8361"}],"version-history":[{"count":4,"href":"https:\/\/www.citm.upc.edu\/blog\/wp-json\/wp\/v2\/posts\/8361\/revisions"}],"predecessor-version":[{"id":8407,"href":"https:\/\/www.citm.upc.edu\/blog\/wp-json\/wp\/v2\/posts\/8361\/revisions\/8407"}],"wp:featuredmedia":[{"embeddable":true,"href":"https:\/\/www.citm.upc.edu\/blog\/wp-json\/wp\/v2\/media\/8408"}],"wp:attachment":[{"href":"https:\/\/www.citm.upc.edu\/blog\/wp-json\/wp\/v2\/media?parent=8361"}],"wp:term":[{"taxonomy":"category","embeddable":true,"href":"https:\/\/www.citm.upc.edu\/blog\/wp-json\/wp\/v2\/categories?post=8361"},{"taxonomy":"post_tag","embeddable":true,"href":"https:\/\/www.citm.upc.edu\/blog\/wp-json\/wp\/v2\/tags?post=8361"}],"curies":[{"name":"wp","href":"https:\/\/api.w.org\/{rel}","templated":true}]}}