{"id":8446,"date":"2023-07-03T14:20:14","date_gmt":"2023-07-03T12:20:14","guid":{"rendered":"https:\/\/www.citm.upc.edu\/blog\/?p=8446"},"modified":"2023-07-11T13:38:34","modified_gmt":"2023-07-11T11:38:34","slug":"este-viernes-7-de-julio-sigue-el-acto-de-graduacion-citm-en-streaming","status":"publish","type":"post","link":"https:\/\/www.citm.upc.edu\/blog\/este-viernes-7-de-julio-sigue-el-acto-de-graduacion-citm-en-streaming\/","title":{"rendered":"\u00a1Este viernes 7 de julio, sigue el Acto de Graduaci\u00f3n CITM en streaming!"},"content":{"rendered":"<p><span class=\"VIiyi\" lang=\"es\"><span class=\"JLqJ4b ChMk0b\" data-language-for-alternatives=\"es\" data-language-to-translate-into=\"ca\" data-phrase-index=\"0\" data-number-of-phrases=\"3\"><span class=\"Q4iAWc\">Este viernes 7 de julio se celebra la fiesta de graduaci\u00f3n del alumnado CITM que finaliza sus estudios este curso acad\u00e9mico 2022-2023.<\/span><\/span> <span class=\"JLqJ4b ChMk0b\" data-language-for-alternatives=\"es\" data-language-to-translate-into=\"ca\" data-phrase-index=\"1\" data-number-of-phrases=\"3\"><span class=\"Q4iAWc\">Nuestros estudiantes comienzan una nueva etapa y queremos celebrarlo en compa\u00f1\u00eda de familiares, amigos y la comunidad CITM.<\/span><\/span> <span class=\"JLqJ4b ChMk0b\" data-language-for-alternatives=\"es\" data-language-to-translate-into=\"ca\" data-phrase-index=\"2\" data-number-of-phrases=\"3\"><span class=\"Q4iAWc\">El acto ser\u00e1 a las 17.30\u202fh en el Auditorio del edificio V\u00e8rtex de la UPC (Barcelona). <\/span><\/span><\/span>Aunque est\u00e1 reservado presencialmente para estudiantes y familiares, cualquier persona interesada tambi\u00e9n podr\u00e1<strong> seguirlo<\/strong> <strong>en directo por <em>streaming<\/em><\/strong>. <!--more--><\/p>\n<p><span class=\"VIiyi\" lang=\"es\"><span class=\"JLqJ4b ChMk0b\" data-language-for-alternatives=\"es\" data-language-to-translate-into=\"ca\" data-phrase-index=\"3\" data-number-of-phrases=\"4\"><span class=\"Q4iAWc\">El acto de graduaci\u00f3n de este a\u00f1o estar\u00e1<strong> apadrinado por Geni de Vilar<\/strong>, directora del \u00e1rea de Activos Digitales de la Corporaci\u00f3 Catalana de Mitjans Audiovisuals (CCMA). A continuaci\u00f3n, las diferentes intervenciones de alumnos nos invitar\u00e1n a compartir experiencias de su paso por el Centro.<br \/>\n<\/span><\/span><\/span><\/p>\n<p><a href=\"https:\/\/www.citm.upc.edu\/esp\/agenda\/2023\/07\/07\/acte-de-graduacio-citm-del-curs-2022-2023-en-linia\/3548\/assistir\/\" target=\"_blank\" rel=\"noopener\">\u00a1Ap\u00fantate para conseguir el <strong>enlace de YouTube para seguir el acto en directo!<\/strong><\/a><\/p>\n<p><span class=\"VIiyi\" lang=\"es\"><span class=\"JLqJ4b ChMk0b\" data-language-for-alternatives=\"es\" data-language-to-translate-into=\"ca\" data-phrase-index=\"0\" data-number-of-phrases=\"2\"><span class=\"Q4iAWc\">Despu\u00e9s del acto, donde se repartir\u00e1 un diploma conmemorativo, los asistentes podr\u00e1n disfrutar de un pica-pica en el jard\u00edn del edificio.<\/span><\/span> <span class=\"JLqJ4b ChMk0b\" data-language-for-alternatives=\"es\" data-language-to-translate-into=\"ca\" data-phrase-index=\"1\" data-number-of-phrases=\"2\"><span class=\"Q4iAWc\">Esperamos que sea la celebraci\u00f3n especial que la ocasi\u00f3n merece y disfrutemos, con aire festivo, de la nueva etapa que comienza nuestro alumnado.<br \/>\n<\/span><\/span><\/span><\/p>\n<p>\u00bfQuieres recordar c\u00f3mo fue la gran fiesta de graduaci\u00f3n del a\u00f1o pasado? \u00a1Aqu\u00ed puedes ver el v\u00eddeo resumen!<\/p>\n<p><a href=\"https:\/\/vimeo.com\/730968132\" target=\"_blank\" rel=\"noopener\"><img loading=\"lazy\" decoding=\"async\" class=\"alignleft wp-image-8447\" src=\"https:\/\/www.citm.upc.edu\/blog\/wp-content\/uploads\/2023\/07\/ActeGraduacioCITM2022-1024x572.png\" alt=\"\" width=\"782\" height=\"408\" \/><\/a><\/p>\n<p>&nbsp;<\/p>\n","protected":false},"excerpt":{"rendered":"<p>Este viernes 7 de julio se celebra la fiesta de graduaci\u00f3n del alumnado CITM que finaliza sus estudios este curso acad\u00e9mico 2022-2023. Nuestros estudiantes comienzan una nueva etapa y queremos celebrarlo en compa\u00f1\u00eda de familiares, amigos y la comunidad CITM. El acto ser\u00e1 a las 17.30\u202fh en el Auditorio del edificio V\u00e8rtex de la UPC &#8230; <a title=\"\u00a1Este viernes 7 de julio, sigue el Acto de Graduaci\u00f3n CITM en streaming!\" class=\"read-more\" href=\"https:\/\/www.citm.upc.edu\/blog\/este-viernes-7-de-julio-sigue-el-acto-de-graduacion-citm-en-streaming\/\" aria-label=\"Read more about \u00a1Este viernes 7 de julio, sigue el Acto de Graduaci\u00f3n CITM en streaming!\">Leer m\u00e1s<\/a><\/p>\n","protected":false},"author":2,"featured_media":6508,"comment_status":"closed","ping_status":"closed","sticky":false,"template":"","format":"standard","meta":{"footnotes":""},"categories":[23,108,17,19],"tags":[407,506,977,417,310],"class_list":["post-8446","post","type-post","status-publish","format-standard","has-post-thumbnail","hentry","category-animacion-digital","category-institucional-2","category-multimedia-2","category-videojuegos","tag-acto-de-graduacion","tag-acto-de-graduacion-citm","tag-alumnado-citm","tag-fiesta-graduacion","tag-graduacion-citm"],"aioseo_notices":[],"_links":{"self":[{"href":"https:\/\/www.citm.upc.edu\/blog\/wp-json\/wp\/v2\/posts\/8446","targetHints":{"allow":["GET"]}}],"collection":[{"href":"https:\/\/www.citm.upc.edu\/blog\/wp-json\/wp\/v2\/posts"}],"about":[{"href":"https:\/\/www.citm.upc.edu\/blog\/wp-json\/wp\/v2\/types\/post"}],"author":[{"embeddable":true,"href":"https:\/\/www.citm.upc.edu\/blog\/wp-json\/wp\/v2\/users\/2"}],"replies":[{"embeddable":true,"href":"https:\/\/www.citm.upc.edu\/blog\/wp-json\/wp\/v2\/comments?post=8446"}],"version-history":[{"count":8,"href":"https:\/\/www.citm.upc.edu\/blog\/wp-json\/wp\/v2\/posts\/8446\/revisions"}],"predecessor-version":[{"id":8454,"href":"https:\/\/www.citm.upc.edu\/blog\/wp-json\/wp\/v2\/posts\/8446\/revisions\/8454"}],"wp:featuredmedia":[{"embeddable":true,"href":"https:\/\/www.citm.upc.edu\/blog\/wp-json\/wp\/v2\/media\/6508"}],"wp:attachment":[{"href":"https:\/\/www.citm.upc.edu\/blog\/wp-json\/wp\/v2\/media?parent=8446"}],"wp:term":[{"taxonomy":"category","embeddable":true,"href":"https:\/\/www.citm.upc.edu\/blog\/wp-json\/wp\/v2\/categories?post=8446"},{"taxonomy":"post_tag","embeddable":true,"href":"https:\/\/www.citm.upc.edu\/blog\/wp-json\/wp\/v2\/tags?post=8446"}],"curies":[{"name":"wp","href":"https:\/\/api.w.org\/{rel}","templated":true}]}}