{"id":8594,"date":"2023-09-19T11:55:13","date_gmt":"2023-09-19T09:55:13","guid":{"rendered":"https:\/\/www.citm.upc.edu\/blog\/?p=8594"},"modified":"2023-09-19T16:21:45","modified_gmt":"2023-09-19T14:21:45","slug":"bernat-armangue-alumni-citm-i-premi-pulitzer-2023-a-la-inauguracio-del-curs-academic-a-la-upc","status":"publish","type":"post","link":"https:\/\/www.citm.upc.edu\/blog\/bernat-armangue-alumni-citm-i-premi-pulitzer-2023-a-la-inauguracio-del-curs-academic-a-la-upc\/?lang=ca","title":{"rendered":"Bernat Armangu\u00e9, alumni CITM i premi Pulitzer 2023, inaugurar\u00e0 el curs a la UPC"},"content":{"rendered":"<p>Bernat Armangu\u00e9, alumni del Centre de la Imatge i la Tecnologia Multim\u00e8dia (CITM) de la UPC i que recentment ha guanyat el premi Pulitzer 2023 de fotografia per la cobertura de la guerra d&#8217;Ucra\u00efna, com a membre de l\u2019ag\u00e8ncia Associated Press, ser\u00e0 el convidat de la inauguraci\u00f3 del curs acad\u00e8mic 2023-2024 a la UPC. L&#8217;Auditori de l&#8217;edifici V\u00e8rtex de la UPC, al Campus Diagonal Nord, acollir\u00e0 aquest acte inaugural el <strong>divendres 6 d&#8217;octubre, a les 11:45 h<\/strong>. <!--more--><\/p>\n<p><strong><em><a href=\"https:\/\/www.citm.upc.edu\/blog\/wp-content\/uploads\/2023\/05\/BernatArmangue.jpeg\" target=\"_blank\" rel=\"noopener\"><img loading=\"lazy\" decoding=\"async\" class=\"alignleft wp-image-8240 size-medium\" src=\"https:\/\/www.citm.upc.edu\/blog\/wp-content\/uploads\/2023\/05\/BernatArmangue-234x300.jpeg\" alt=\"\" width=\"234\" height=\"300\" srcset=\"https:\/\/www.citm.upc.edu\/blog\/wp-content\/uploads\/2023\/05\/BernatArmangue-234x300.jpeg 234w, https:\/\/www.citm.upc.edu\/blog\/wp-content\/uploads\/2023\/05\/BernatArmangue.jpeg 591w\" sizes=\"auto, (max-width: 234px) 100vw, 234px\" \/><\/a>&#8216;Aix\u00f2 no \u00e9s una inauguraci\u00f3!&#8217;<\/em><\/strong>. Amb aquest suggerent t\u00edtol, la Universitat Polit\u00e8cnica de Catalunya &#8211; BarcelonaTech (UPC) proposa enguany un acte d&#8217;inauguraci\u00f3 del curs acad\u00e8mic ben diferent, en <strong>format de p\u00f2dcast<\/strong>, per inspirar una altra mirada al nou curs 2023-2024.<\/p>\n<p>El <strong>convidat de l&#8217;acte ser\u00e0 el fotoperiodista Bernat Armangu\u00e9, <em>alumni<\/em> del CITM i premi Pulitzer 2023<\/strong> de fotografia per la cobertura de la guerra d&#8217;Ucra\u00efna, com a membre de l\u2019ag\u00e8ncia Associated Press.<\/p>\n<p>Durant l&#8217;acte, que estar\u00e0 condu\u00eft per la periodista Merc\u00e8 Folch, intervindran el conseller de Recerca i Universitat, <strong>Joaquim Nadal<\/strong>, el rector <strong>Daniel Crespo<\/strong> i la presidenta del Consell Social, <strong>Montse Gu\u00e0rdia<\/strong>, entre d&#8217;altres. Es far\u00e0 tamb\u00e9 un reconeixement a les persones de la comunitat UPC que han estat guardonades durant l&#8217;any 2022 i tamb\u00e9 amb els pel Consell Social. Aix\u00ed mateix, comptar\u00e0 amb les actuacions dels grups de teatre de la Universitat, aix\u00ed com de les corals i l\u2019Orquestra UPC.<\/p>\n<p>Per assistir de forma presencial cal apuntar-se a trav\u00e9s d&#8217;aquest <strong><a href=\"https:\/\/myenquesta.upc.edu\/index.php\/231494?lang=ca\" target=\"_blank\" rel=\"noopener\" data-linktype=\"external\" data-val=\"https:\/\/myenquesta.upc.edu\/index.php\/231494?lang=ca\">formulari d&#8217;inscripci\u00f3 a la sessi\u00f3 inaugural UPC<\/a><\/strong>. L\u2019acte tamb\u00e9 es podr\u00e0 seguir a trav\u00e9s del canal institucional a <strong><a href=\"https:\/\/www.youtube.com\/user\/upc\" target=\"_blank\" rel=\"noopener\" data-linktype=\"external\" data-val=\"https:\/\/www.youtube.com\/user\/upc\">Youtube <\/a><\/strong>i de <a href=\"https:\/\/zonavideo.upc.edu\/\" target=\"_blank\" rel=\"noopener\" data-linktype=\"external\" data-val=\"https:\/\/zonavideo.upc.edu\/\"><strong>Zonav\u00eddeo UPC<\/strong><\/a>.<\/p>\n","protected":false},"excerpt":{"rendered":"<p>Bernat Armangu\u00e9, alumni del Centre de la Imatge i la Tecnologia Multim\u00e8dia (CITM) de la UPC i que recentment ha guanyat el premi Pulitzer 2023 de fotografia per la cobertura de la guerra d&#8217;Ucra\u00efna, com a membre de l\u2019ag\u00e8ncia Associated Press, ser\u00e0 el convidat de la inauguraci\u00f3 del curs acad\u00e8mic 2023-2024 a la UPC. L&#8217;Auditori &#8230; <a title=\"Bernat Armangu\u00e9, alumni CITM i premi Pulitzer 2023, inaugurar\u00e0 el curs a la UPC\" class=\"read-more\" href=\"https:\/\/www.citm.upc.edu\/blog\/bernat-armangue-alumni-citm-i-premi-pulitzer-2023-a-la-inauguracio-del-curs-academic-a-la-upc\/?lang=ca\" aria-label=\"Read more about Bernat Armangu\u00e9, alumni CITM i premi Pulitzer 2023, inaugurar\u00e0 el curs a la UPC\">Leer m\u00e1s<\/a><\/p>\n","protected":false},"author":2,"featured_media":8596,"comment_status":"closed","ping_status":"closed","sticky":false,"template":"","format":"standard","meta":{"footnotes":""},"categories":[10],"tags":[1119,691,1121,1120,490],"class_list":["post-8594","post","type-post","status-publish","format-standard","has-post-thumbnail","hentry","category-fotografia-2","tag-acte-inaugural-upc","tag-alumni-citm","tag-alumni-fotografia","tag-bernat-armangue","tag-inauguracio-curs"],"aioseo_notices":[],"_links":{"self":[{"href":"https:\/\/www.citm.upc.edu\/blog\/wp-json\/wp\/v2\/posts\/8594","targetHints":{"allow":["GET"]}}],"collection":[{"href":"https:\/\/www.citm.upc.edu\/blog\/wp-json\/wp\/v2\/posts"}],"about":[{"href":"https:\/\/www.citm.upc.edu\/blog\/wp-json\/wp\/v2\/types\/post"}],"author":[{"embeddable":true,"href":"https:\/\/www.citm.upc.edu\/blog\/wp-json\/wp\/v2\/users\/2"}],"replies":[{"embeddable":true,"href":"https:\/\/www.citm.upc.edu\/blog\/wp-json\/wp\/v2\/comments?post=8594"}],"version-history":[{"count":6,"href":"https:\/\/www.citm.upc.edu\/blog\/wp-json\/wp\/v2\/posts\/8594\/revisions"}],"predecessor-version":[{"id":8604,"href":"https:\/\/www.citm.upc.edu\/blog\/wp-json\/wp\/v2\/posts\/8594\/revisions\/8604"}],"wp:featuredmedia":[{"embeddable":true,"href":"https:\/\/www.citm.upc.edu\/blog\/wp-json\/wp\/v2\/media\/8596"}],"wp:attachment":[{"href":"https:\/\/www.citm.upc.edu\/blog\/wp-json\/wp\/v2\/media?parent=8594"}],"wp:term":[{"taxonomy":"category","embeddable":true,"href":"https:\/\/www.citm.upc.edu\/blog\/wp-json\/wp\/v2\/categories?post=8594"},{"taxonomy":"post_tag","embeddable":true,"href":"https:\/\/www.citm.upc.edu\/blog\/wp-json\/wp\/v2\/tags?post=8594"}],"curies":[{"name":"wp","href":"https:\/\/api.w.org\/{rel}","templated":true}]}}