{"id":8612,"date":"2023-09-20T15:25:11","date_gmt":"2023-09-20T13:25:11","guid":{"rendered":"https:\/\/www.citm.upc.edu\/blog\/?p=8612"},"modified":"2023-09-20T15:50:43","modified_gmt":"2023-09-20T13:50:43","slug":"las-profesoras-eva-villegas-y-elisabet-fonts-participan-en-el-xxii-congreso-internacional-de-interaccion-persona-ordenador","status":"publish","type":"post","link":"https:\/\/www.citm.upc.edu\/blog\/las-profesoras-eva-villegas-y-elisabet-fonts-participan-en-el-xxii-congreso-internacional-de-interaccion-persona-ordenador\/","title":{"rendered":"Las profesoras Eva Villegas y Elisabet Fonts participan en el XXII Congreso Internacional de Interacci\u00f3n Persona-Ordenador"},"content":{"rendered":"<p>Las profesoras Eva Villegas y Elisabet Fonts del CITM-UPC, junto con la doctora Sara Fern\u00e1ndez-Guinea de la Universidad Complutense de Madrid (UCM), han presentado el art\u00edculo titulado:<em> \u00abMotivaci\u00f3n del participante para la mejora de la eficacia en el dise\u00f1o de talleres centrados en la experiencia de usuario\u00bb<\/em>, en el Congreso Internacional de Persona-Ordenador (Interacci\u00f3n 2023).<!--more--><\/p>\n<p>El <a href=\"https:\/\/interaccion2023.udl.cat\/\" target=\"_blank\" rel=\"noopener\"><strong>congreso Interacci\u00f3n 2023<\/strong><\/a> tuvo lugar en el Campus Cappont y en el Campus de Igualada de la Universidad de Lleida (UdL), del 4 al 6 de septiembre de 2023.<\/p>\n<p><a href=\"https:\/\/www.citm.upc.edu\/blog\/wp-content\/uploads\/2023\/02\/DICODE_LOGO-300x78.jpg\" target=\"_blank\" rel=\"noopener\"><img loading=\"lazy\" decoding=\"async\" class=\"alignleft wp-image-6941 size-medium\" src=\"https:\/\/www.citm.upc.edu\/blog\/wp-content\/uploads\/2023\/02\/DICODE_LOGO-300x78.jpg\" alt=\"\" width=\"300\" height=\"78\" srcset=\"https:\/\/www.citm.upc.edu\/blog\/wp-content\/uploads\/2023\/02\/DICODE_LOGO-300x78.jpg 300w, https:\/\/www.citm.upc.edu\/blog\/wp-content\/uploads\/2023\/02\/DICODE_LOGO.jpg 519w\" sizes=\"auto, (max-width: 300px) 100vw, 300px\" \/><\/a>El art\u00edculo presentado en el congreso forma parte de un estudio que pretende analizar si el conocimiento del perfil y las motivaciones particulares del participante en un taller de experiencia de usuario podr\u00edan facilitar la personalizaci\u00f3n del dise\u00f1o de la sesi\u00f3n y as\u00ed crear una din\u00e1mica y m\u00e1s eficiente y resultados m\u00e1s amplios.<\/p>\n<p>El proyecto forma parte de una de las investigaciones que se llevan a cabo desde el grupo de investigaci\u00f3n del CITM, el grupo <em><strong>DICODE: Digital Culture and Creative Technologies Research Group<\/strong><\/em>.<\/p>\n","protected":false},"excerpt":{"rendered":"<p>Las profesoras Eva Villegas y Elisabet Fonts del CITM-UPC, junto con la doctora Sara Fern\u00e1ndez-Guinea de la Universidad Complutense de Madrid (UCM), han presentado el art\u00edculo titulado: \u00abMotivaci\u00f3n del participante para la mejora de la eficacia en el dise\u00f1o de talleres centrados en la experiencia de usuario\u00bb, en el Congreso Internacional de Persona-Ordenador (Interacci\u00f3n 2023).<\/p>\n","protected":false},"author":2,"featured_media":8608,"comment_status":"closed","ping_status":"closed","sticky":false,"template":"","format":"standard","meta":{"footnotes":""},"categories":[812,17,913],"tags":[760,213,1122,1123,972,976],"class_list":["post-8612","post","type-post","status-publish","format-standard","has-post-thumbnail","hentry","category-investigacion","category-multimedia-2","category-profesorado","tag-congresos","tag-profesorado-citm","tag-profesorado-multimedia","tag-usabilidad","tag-user-experience-2","tag-ux-2"],"aioseo_notices":[],"_links":{"self":[{"href":"https:\/\/www.citm.upc.edu\/blog\/wp-json\/wp\/v2\/posts\/8612","targetHints":{"allow":["GET"]}}],"collection":[{"href":"https:\/\/www.citm.upc.edu\/blog\/wp-json\/wp\/v2\/posts"}],"about":[{"href":"https:\/\/www.citm.upc.edu\/blog\/wp-json\/wp\/v2\/types\/post"}],"author":[{"embeddable":true,"href":"https:\/\/www.citm.upc.edu\/blog\/wp-json\/wp\/v2\/users\/2"}],"replies":[{"embeddable":true,"href":"https:\/\/www.citm.upc.edu\/blog\/wp-json\/wp\/v2\/comments?post=8612"}],"version-history":[{"count":2,"href":"https:\/\/www.citm.upc.edu\/blog\/wp-json\/wp\/v2\/posts\/8612\/revisions"}],"predecessor-version":[{"id":8614,"href":"https:\/\/www.citm.upc.edu\/blog\/wp-json\/wp\/v2\/posts\/8612\/revisions\/8614"}],"wp:featuredmedia":[{"embeddable":true,"href":"https:\/\/www.citm.upc.edu\/blog\/wp-json\/wp\/v2\/media\/8608"}],"wp:attachment":[{"href":"https:\/\/www.citm.upc.edu\/blog\/wp-json\/wp\/v2\/media?parent=8612"}],"wp:term":[{"taxonomy":"category","embeddable":true,"href":"https:\/\/www.citm.upc.edu\/blog\/wp-json\/wp\/v2\/categories?post=8612"},{"taxonomy":"post_tag","embeddable":true,"href":"https:\/\/www.citm.upc.edu\/blog\/wp-json\/wp\/v2\/tags?post=8612"}],"curies":[{"name":"wp","href":"https:\/\/api.w.org\/{rel}","templated":true}]}}