{"id":9058,"date":"2024-02-05T11:00:42","date_gmt":"2024-02-05T10:00:42","guid":{"rendered":"https:\/\/www.citm.upc.edu\/blog\/?p=9058"},"modified":"2024-02-22T18:20:38","modified_gmt":"2024-02-22T17:20:38","slug":"el-citm-acull-lexposicio-nova-pantalla-el-videojoc-a-catalunya-del-5-al-16-de-febrer","status":"publish","type":"post","link":"https:\/\/www.citm.upc.edu\/blog\/el-citm-acull-lexposicio-nova-pantalla-el-videojoc-a-catalunya-del-5-al-16-de-febrer\/?lang=ca","title":{"rendered":"El CITM acull l&#8217;exposici\u00f3 &#8216;Nova Pantalla: El Videojoc a Catalunya&#8217;"},"content":{"rendered":"<p>El Centre de la Imatge i la Tecnologia Multim\u00e8dia de la Universitat Polit\u00e8cnica de Catalunya ha estat durant 15 dies l\u2019espai expositiu de la mostra itinerant \u00ab<strong>Nova pantalla. El videojoc a Catalunya\u00bb<\/strong>. El Centre, referent formatiu en l\u2019\u00e0mbit dels videojocs i les ind\u00fastries digitals creatives, ha estat una seu id\u00f2nia per acollir aquesta exposici\u00f3, centrada \u00edntegrament en l\u2019ecosistema del videojoc catal\u00e0. S&#8217;hi ha pogut visitar de dilluns a divendres, en horari de 9 h a 19:30 h, amb l\u2019acc\u00e9s totalment gratu\u00eft.<!--more--><\/p>\n<p><a href=\"https:\/\/www.citm.upc.edu\/blog\/wp-content\/uploads\/2024\/02\/ExpoPantalla-269x300.jpg\" target=\"_blank\" rel=\"noopener\"><img loading=\"lazy\" decoding=\"async\" class=\"alignleft wp-image-9151 size-medium\" src=\"https:\/\/www.citm.upc.edu\/blog\/wp-content\/uploads\/2024\/02\/ExpoPantalla-269x300.jpg\" alt=\"\" width=\"269\" height=\"300\" srcset=\"https:\/\/www.citm.upc.edu\/blog\/wp-content\/uploads\/2024\/02\/ExpoPantalla-269x300.jpg 269w, https:\/\/www.citm.upc.edu\/blog\/wp-content\/uploads\/2024\/02\/ExpoPantalla-918x1024.jpg 918w, https:\/\/www.citm.upc.edu\/blog\/wp-content\/uploads\/2024\/02\/ExpoPantalla-768x857.jpg 768w, https:\/\/www.citm.upc.edu\/blog\/wp-content\/uploads\/2024\/02\/ExpoPantalla-1376x1536.jpg 1376w, https:\/\/www.citm.upc.edu\/blog\/wp-content\/uploads\/2024\/02\/ExpoPantalla.jpg 1536w\" sizes=\"auto, (max-width: 269px) 100vw, 269px\" \/><\/a>La mostra, inaugurada el 2022 al Palau Robert de Barcelona amb un \u00e8xit de 123.000 visitants, ha continuat el seu recorregut itinerant aterrant <strong>al CITM durant 15 dies<\/strong>, despr\u00e9s d\u2019haver fet diferents parades a Catalunya durant el passat any 2023, on ha estat exposada en ciutats com Girona, Amposta i tamb\u00e9 al SAGA, el Sal\u00f3 del Gaming, celebrat a Barcelona el passat mes de desembre.<\/p>\n<p>\u00abNova Pantalla\u00bb \u00e9s la primera gran exposici\u00f3 dedicada \u00edntegrament a la ind\u00fastria del videojoc a Catalunya. El seu objectiu \u00e9s apropar a tots els p\u00fablics el proc\u00e9s de creaci\u00f3 que hi ha darrere d\u2019un videojoc, donar a con\u00e8ixer els perfils professionals que hi participen i celebrar les grans produccions d\u2019\u00e8xit internacional fetes pels estudis catalans. L\u2019exposici\u00f3, amb un clar car\u00e0cter divulgatiu i l\u00fadic, busca connectar tant amb aficionats als videojocs com amb totes aquelles persones que mai s\u2019han acostat a aquest ecosistema.<\/p>\n<p><a href=\"https:\/\/www.citm.upc.edu\/blog\/wp-content\/uploads\/2024\/02\/IES.jpg\" target=\"_blank\" rel=\"noopener\"><img loading=\"lazy\" decoding=\"async\" class=\"alignleft wp-image-9147 size-medium\" src=\"https:\/\/www.citm.upc.edu\/blog\/wp-content\/uploads\/2024\/02\/IES-e1708622257879-300x159.jpg\" alt=\"\" width=\"300\" height=\"159\" srcset=\"https:\/\/www.citm.upc.edu\/blog\/wp-content\/uploads\/2024\/02\/IES-e1708622257879-300x159.jpg 300w, https:\/\/www.citm.upc.edu\/blog\/wp-content\/uploads\/2024\/02\/IES-e1708622257879-1024x542.jpg 1024w, https:\/\/www.citm.upc.edu\/blog\/wp-content\/uploads\/2024\/02\/IES-e1708622257879-768x407.jpg 768w, https:\/\/www.citm.upc.edu\/blog\/wp-content\/uploads\/2024\/02\/IES-e1708622257879.jpg 1246w\" sizes=\"auto, (max-width: 300px) 100vw, 300px\" \/><\/a>Els comissaris de l\u2019exposici\u00f3 s\u00f3n Joan B. Gal\u00ed, Marc Angrill i Albert Garcia, periodistes especialitzats en videojocs i comunicaci\u00f3 cultural. El fet de convertir-la en mostra itinerant per diferents punts de Catalunya ha estat iniciativa de la Direcci\u00f3 General d\u2019Innovaci\u00f3 i Cultura Digital del Departament de Cultura de la Generalitat de Catalunya.<\/p>\n<p>Durant les dues setmanes en qu\u00e8 ha estat exposada al CITM, a m\u00e9s del p\u00fablic general, els alumnes de diferents centres escolars de Terrassa, Sabadell o Barcelona van apropar-se al Centre per fer-ne una visita.<\/p>\n","protected":false},"excerpt":{"rendered":"<p>El Centre de la Imatge i la Tecnologia Multim\u00e8dia de la Universitat Polit\u00e8cnica de Catalunya ha estat durant 15 dies l\u2019espai expositiu de la mostra itinerant \u00abNova pantalla. El videojoc a Catalunya\u00bb. El Centre, referent formatiu en l\u2019\u00e0mbit dels videojocs i les ind\u00fastries digitals creatives, ha estat una seu id\u00f2nia per acollir aquesta exposici\u00f3, centrada &#8230; <a title=\"El CITM acull l&#8217;exposici\u00f3 &#8216;Nova Pantalla: El Videojoc a Catalunya&#8217;\" class=\"read-more\" href=\"https:\/\/www.citm.upc.edu\/blog\/el-citm-acull-lexposicio-nova-pantalla-el-videojoc-a-catalunya-del-5-al-16-de-febrer\/?lang=ca\" aria-label=\"Read more about El CITM acull l&#8217;exposici\u00f3 &#8216;Nova Pantalla: El Videojoc a Catalunya&#8217;\">Leer m\u00e1s<\/a><\/p>\n","protected":false},"author":2,"featured_media":9134,"comment_status":"closed","ping_status":"closed","sticky":false,"template":"","format":"standard","meta":{"footnotes":""},"categories":[22,104,12],"tags":[],"class_list":["post-9058","post","type-post","status-publish","format-standard","has-post-thumbnail","hentry","category-animacio-digital","category-institucional","category-videojocs"],"aioseo_notices":[],"_links":{"self":[{"href":"https:\/\/www.citm.upc.edu\/blog\/wp-json\/wp\/v2\/posts\/9058","targetHints":{"allow":["GET"]}}],"collection":[{"href":"https:\/\/www.citm.upc.edu\/blog\/wp-json\/wp\/v2\/posts"}],"about":[{"href":"https:\/\/www.citm.upc.edu\/blog\/wp-json\/wp\/v2\/types\/post"}],"author":[{"embeddable":true,"href":"https:\/\/www.citm.upc.edu\/blog\/wp-json\/wp\/v2\/users\/2"}],"replies":[{"embeddable":true,"href":"https:\/\/www.citm.upc.edu\/blog\/wp-json\/wp\/v2\/comments?post=9058"}],"version-history":[{"count":22,"href":"https:\/\/www.citm.upc.edu\/blog\/wp-json\/wp\/v2\/posts\/9058\/revisions"}],"predecessor-version":[{"id":9153,"href":"https:\/\/www.citm.upc.edu\/blog\/wp-json\/wp\/v2\/posts\/9058\/revisions\/9153"}],"wp:featuredmedia":[{"embeddable":true,"href":"https:\/\/www.citm.upc.edu\/blog\/wp-json\/wp\/v2\/media\/9134"}],"wp:attachment":[{"href":"https:\/\/www.citm.upc.edu\/blog\/wp-json\/wp\/v2\/media?parent=9058"}],"wp:term":[{"taxonomy":"category","embeddable":true,"href":"https:\/\/www.citm.upc.edu\/blog\/wp-json\/wp\/v2\/categories?post=9058"},{"taxonomy":"post_tag","embeddable":true,"href":"https:\/\/www.citm.upc.edu\/blog\/wp-json\/wp\/v2\/tags?post=9058"}],"curies":[{"name":"wp","href":"https:\/\/api.w.org\/{rel}","templated":true}]}}