{"id":9430,"date":"2024-06-07T15:35:22","date_gmt":"2024-06-07T13:35:22","guid":{"rendered":"https:\/\/www.citm.upc.edu\/blog\/?p=9430"},"modified":"2024-06-07T15:46:42","modified_gmt":"2024-06-07T13:46:42","slug":"el-citm-acull-un-seminari-dicode-sobre-tecnologies-i-arts-esceniques","status":"publish","type":"post","link":"https:\/\/www.citm.upc.edu\/blog\/el-citm-acull-un-seminari-dicode-sobre-tecnologies-i-arts-esceniques\/?lang=ca","title":{"rendered":"El CITM acull un seminari DiCode sobre tecnologies i arts esc\u00e8niques"},"content":{"rendered":"<p>El dimarts 4 de juny, i en el marc de col\u00b7laboraci\u00f3 entre el CITM i l\u2019Institut del Teatre, es va organitzar al CITM un <strong>nou seminari de recerca DiCode<\/strong> per abordar les sinergies entre les arts esc\u00e8niques i les tecnologies emergents. L&#8217;objectiu \u00e9s generar nexes d&#8217;uni\u00f3 entre els programes que es cursen a les dues institucions dins el marc de recerca i reflexi\u00f3 que es genera al voltant de l&#8217;<strong>experimentaci\u00f3 tecnol\u00f2gica en contextos art\u00edstics<\/strong>.<!--more--><\/p>\n<p><a href=\"https:\/\/www.citm.upc.edu\/blog\/wp-content\/uploads\/2024\/06\/DiCode_PostgrauEsceniques.jpg\" target=\"_blank\" rel=\"noopener\"><img loading=\"lazy\" decoding=\"async\" class=\"alignleft wp-image-9434 size-medium\" src=\"https:\/\/www.citm.upc.edu\/blog\/wp-content\/uploads\/2024\/06\/DiCode_PostgrauEsceniques-300x225.jpg\" alt=\"\" width=\"300\" height=\"225\" srcset=\"https:\/\/www.citm.upc.edu\/blog\/wp-content\/uploads\/2024\/06\/DiCode_PostgrauEsceniques-300x225.jpg 300w, https:\/\/www.citm.upc.edu\/blog\/wp-content\/uploads\/2024\/06\/DiCode_PostgrauEsceniques-1024x768.jpg 1024w, https:\/\/www.citm.upc.edu\/blog\/wp-content\/uploads\/2024\/06\/DiCode_PostgrauEsceniques-768x576.jpg 768w, https:\/\/www.citm.upc.edu\/blog\/wp-content\/uploads\/2024\/06\/DiCode_PostgrauEsceniques-1536x1152.jpg 1536w, https:\/\/www.citm.upc.edu\/blog\/wp-content\/uploads\/2024\/06\/DiCode_PostgrauEsceniques.jpg 2048w\" sizes=\"auto, (max-width: 300px) 100vw, 300px\" \/><\/a>La sessi\u00f3 es va iniciar al <em>hall <\/em>\u00c0gora del CITM amb una intervenci\u00f3 titulada <strong>Performance Radiorator<\/strong>, a c\u00e0rrec de l\u2019artista Agustina Palazzo, seguida d\u2019una intervenci\u00f3n de Clara Laguillo Addad.<\/p>\n<p>Tot seguit, va realitzar-se, el <strong>simposi d\u2019Arts en Viu i Tecnologies Incertes<\/strong> en el marc de la <strong>presentaci\u00f3 del postgrau en Escena i Tecnologia Digital<\/strong> de l\u2019Institut del Teatre, a c\u00e0rrec dels seus coordinadors Xesca Salv\u00e0 i Marc Villanueva. Tamb\u00e9 va intervenir Silvia Zayas, docent del postgrau.<\/p>\n<p>Tot seguit, Barbara Raubert va presentar la seva tesi doctoral, que precisament explora la funci\u00f3 dramat\u00fargica de les tecnologies en la dansa, aprofundint i consolidant els vincles entre les arts escenogr\u00e0fiques i la tecnologia.<\/p>\n<p>El <a href=\"https:\/\/www.citm.upc.edu\/cat\/recerca\/grup\/\" target=\"_blank\" rel=\"noopener\"><strong>grup de recerca DiCode<\/strong><\/a> \u00e9s un grup de recerca interdisciplinari a la frontera de les ci\u00e8ncies socials, la tecnologia, l&#8217;enginyeria, el disseny de producte digital i les arts. Emmarcat en la recerca aplicada (\u201cci\u00e8ncies aplicades\u201d), el grup centra la seva activitat en estudiar les especificitats, el disseny dels nous formats, continguts i experi\u00e8ncies emergents pr\u00f2pies de la comunicaci\u00f3 digital des d&#8217;un vessant cr\u00edtic i te\u00f2rica, de creaci\u00f3 art\u00edstica i d&#8217;estudi emp\u00edric, amb una finalitat d&#8217;an\u00e0lisi de l&#8217;impacte social d&#8217;aquestes tecnologies en la societat.<\/p>\n","protected":false},"excerpt":{"rendered":"<p>El dimarts 4 de juny, i en el marc de col\u00b7laboraci\u00f3 entre el CITM i l\u2019Institut del Teatre, es va organitzar al CITM un nou seminari de recerca DiCode per abordar les sinergies entre les arts esc\u00e8niques i les tecnologies emergents. L&#8217;objectiu \u00e9s generar nexes d&#8217;uni\u00f3 entre els programes que es cursen a les dues &#8230; <a title=\"El CITM acull un seminari DiCode sobre tecnologies i arts esc\u00e8niques\" class=\"read-more\" href=\"https:\/\/www.citm.upc.edu\/blog\/el-citm-acull-un-seminari-dicode-sobre-tecnologies-i-arts-esceniques\/?lang=ca\" aria-label=\"Read more about El CITM acull un seminari DiCode sobre tecnologies i arts esc\u00e8niques\">Leer m\u00e1s<\/a><\/p>\n","protected":false},"author":2,"featured_media":9431,"comment_status":"closed","ping_status":"closed","sticky":false,"template":"","format":"standard","meta":{"footnotes":""},"categories":[18,815],"tags":[1322,394,951,1323,798,609,663],"class_list":["post-9430","post","type-post","status-publish","format-standard","has-post-thumbnail","hentry","category-multimedia1","category-recerca","tag-arts-en-viu","tag-arts-esceniques","tag-dicode","tag-grup-de-recerca-citm","tag-recerca-citm","tag-tecnologia","tag-tecnologies-emergents"],"aioseo_notices":[],"_links":{"self":[{"href":"https:\/\/www.citm.upc.edu\/blog\/wp-json\/wp\/v2\/posts\/9430","targetHints":{"allow":["GET"]}}],"collection":[{"href":"https:\/\/www.citm.upc.edu\/blog\/wp-json\/wp\/v2\/posts"}],"about":[{"href":"https:\/\/www.citm.upc.edu\/blog\/wp-json\/wp\/v2\/types\/post"}],"author":[{"embeddable":true,"href":"https:\/\/www.citm.upc.edu\/blog\/wp-json\/wp\/v2\/users\/2"}],"replies":[{"embeddable":true,"href":"https:\/\/www.citm.upc.edu\/blog\/wp-json\/wp\/v2\/comments?post=9430"}],"version-history":[{"count":3,"href":"https:\/\/www.citm.upc.edu\/blog\/wp-json\/wp\/v2\/posts\/9430\/revisions"}],"predecessor-version":[{"id":9443,"href":"https:\/\/www.citm.upc.edu\/blog\/wp-json\/wp\/v2\/posts\/9430\/revisions\/9443"}],"wp:featuredmedia":[{"embeddable":true,"href":"https:\/\/www.citm.upc.edu\/blog\/wp-json\/wp\/v2\/media\/9431"}],"wp:attachment":[{"href":"https:\/\/www.citm.upc.edu\/blog\/wp-json\/wp\/v2\/media?parent=9430"}],"wp:term":[{"taxonomy":"category","embeddable":true,"href":"https:\/\/www.citm.upc.edu\/blog\/wp-json\/wp\/v2\/categories?post=9430"},{"taxonomy":"post_tag","embeddable":true,"href":"https:\/\/www.citm.upc.edu\/blog\/wp-json\/wp\/v2\/tags?post=9430"}],"curies":[{"name":"wp","href":"https:\/\/api.w.org\/{rel}","templated":true}]}}