{"id":9693,"date":"2024-09-18T15:58:40","date_gmt":"2024-09-18T13:58:40","guid":{"rendered":"https:\/\/www.citm.upc.edu\/blog\/?p=9693"},"modified":"2024-09-18T16:19:43","modified_gmt":"2024-09-18T14:19:43","slug":"el-citm-inicia-el-curs-academic-2024-2025","status":"publish","type":"post","link":"https:\/\/www.citm.upc.edu\/blog\/el-citm-inicia-el-curs-academic-2024-2025\/?lang=ca","title":{"rendered":"El CITM inicia el curs acad\u00e8mic 2024-2025"},"content":{"rendered":"<p>El Centre de la Imatge i la Tecnologia Multim\u00e8dia ha donat el tret de sortida al nou curs acad\u00e8mic 2024-2025, amb la benvinguda als nous estudiants i la presentaci\u00f3 de les novetats acad\u00e8miques per a aquest nou curs. 546 estudiants es formaran aquest any al Centre on es convertiran en els futurs professionals de la creaci\u00f3 audiovisual, el disseny digital, els videojocs i les tecnologies multim\u00e8dia.<!--more--><\/p>\n<p><a href=\"https:\/\/www.citm.upc.edu\/blog\/wp-content\/uploads\/2024\/09\/Alumnes_Nous-scaled.jpg\" target=\"_blank\" rel=\"noopener\"><img loading=\"lazy\" decoding=\"async\" class=\"alignleft wp-image-9698 size-medium\" src=\"https:\/\/www.citm.upc.edu\/blog\/wp-content\/uploads\/2024\/09\/Alumnes_Nous-300x113.jpg\" alt=\"\" width=\"300\" height=\"113\" srcset=\"https:\/\/www.citm.upc.edu\/blog\/wp-content\/uploads\/2024\/09\/Alumnes_Nous-300x113.jpg 300w, https:\/\/www.citm.upc.edu\/blog\/wp-content\/uploads\/2024\/09\/Alumnes_Nous-1024x387.jpg 1024w, https:\/\/www.citm.upc.edu\/blog\/wp-content\/uploads\/2024\/09\/Alumnes_Nous-768x290.jpg 768w, https:\/\/www.citm.upc.edu\/blog\/wp-content\/uploads\/2024\/09\/Alumnes_Nous-1536x581.jpg 1536w, https:\/\/www.citm.upc.edu\/blog\/wp-content\/uploads\/2024\/09\/Alumnes_Nous-2048x774.jpg 2048w\" sizes=\"auto, (max-width: 300px) 100vw, 300px\" \/><\/a>El divendres 13 de setembre vam donar la benvinguda als alumnes de 1r curs dels tres graus del Centre: el grau en Disseny, Animaci\u00f3 i Art Digital; el grau en Disseny Digital i Tecnologies Multim\u00e8dia i el grau en Disseny i Desenvolupament de Videojocs. A la presentaci\u00f3, van intervenir el director del Centre, Carles Sora, i la cap d\u2019estudis, Bea Mart\u00ednez. La <strong>participaci\u00f3 de la delegaci\u00f3 d\u2019estudiants del Centre<\/strong> va tenir un protagonisme molt especial, encoratjant a tot el nou alumnat a participar en totes les activitats que organitzen: concursos, trobades i <em>game jam.<\/em><\/p>\n<p><a href=\"https:\/\/www.citm.upc.edu\/blog\/wp-content\/uploads\/2024\/09\/Alumnes_Nous_CITM-scaled.jpg\" target=\"_blank\" rel=\"noopener\"><img loading=\"lazy\" decoding=\"async\" class=\"alignleft wp-image-9700 size-medium\" src=\"https:\/\/www.citm.upc.edu\/blog\/wp-content\/uploads\/2024\/09\/Alumnes_Nous_CITM-300x113.jpg\" alt=\"\" width=\"300\" height=\"113\" srcset=\"https:\/\/www.citm.upc.edu\/blog\/wp-content\/uploads\/2024\/09\/Alumnes_Nous_CITM-300x113.jpg 300w, https:\/\/www.citm.upc.edu\/blog\/wp-content\/uploads\/2024\/09\/Alumnes_Nous_CITM-1024x387.jpg 1024w, https:\/\/www.citm.upc.edu\/blog\/wp-content\/uploads\/2024\/09\/Alumnes_Nous_CITM-768x290.jpg 768w, https:\/\/www.citm.upc.edu\/blog\/wp-content\/uploads\/2024\/09\/Alumnes_Nous_CITM-1536x581.jpg 1536w, https:\/\/www.citm.upc.edu\/blog\/wp-content\/uploads\/2024\/09\/Alumnes_Nous_CITM-2048x774.jpg 2048w\" sizes=\"auto, (max-width: 300px) 100vw, 300px\" \/><\/a>Una vegada acabada la presentaci\u00f3, els nous estudiants i representants de la delegaci\u00f3 van fer una <strong>visita completa per tot el Campus UPC Terrassa<\/strong>, per con\u00e8ixer totes les instal\u00b7lacions i els serveis de qu\u00e8 podran disposar. El dilluns 16 ja es van iniciar les classes en la seva totalitat, per a tots els grups i nivells.<\/p>\n<p><strong>Molt bon curs 2024-2025 a tota la comunitat CITM!<\/strong><\/p>\n","protected":false},"excerpt":{"rendered":"<p>El Centre de la Imatge i la Tecnologia Multim\u00e8dia ha donat el tret de sortida al nou curs acad\u00e8mic 2024-2025, amb la benvinguda als nous estudiants i la presentaci\u00f3 de les novetats acad\u00e8miques per a aquest nou curs. 546 estudiants es formaran aquest any al Centre on es convertiran en els futurs professionals de la &#8230; <a title=\"El CITM inicia el curs acad\u00e8mic 2024-2025\" class=\"read-more\" href=\"https:\/\/www.citm.upc.edu\/blog\/el-citm-inicia-el-curs-academic-2024-2025\/?lang=ca\" aria-label=\"Read more about El CITM inicia el curs acad\u00e8mic 2024-2025\">Leer m\u00e1s<\/a><\/p>\n","protected":false},"author":2,"featured_media":9696,"comment_status":"closed","ping_status":"closed","sticky":false,"template":"","format":"standard","meta":{"footnotes":""},"categories":[22,18,12],"tags":[1377,1044,204,721,1378],"class_list":["post-9693","post","type-post","status-publish","format-standard","has-post-thumbnail","hentry","category-animacio-digital","category-multimedia1","category-videojocs","tag-curs-academic-2024-2025","tag-estudiantat-citm","tag-graus-citm","tag-inici-curs","tag-nou-estudiantat"],"aioseo_notices":[],"_links":{"self":[{"href":"https:\/\/www.citm.upc.edu\/blog\/wp-json\/wp\/v2\/posts\/9693","targetHints":{"allow":["GET"]}}],"collection":[{"href":"https:\/\/www.citm.upc.edu\/blog\/wp-json\/wp\/v2\/posts"}],"about":[{"href":"https:\/\/www.citm.upc.edu\/blog\/wp-json\/wp\/v2\/types\/post"}],"author":[{"embeddable":true,"href":"https:\/\/www.citm.upc.edu\/blog\/wp-json\/wp\/v2\/users\/2"}],"replies":[{"embeddable":true,"href":"https:\/\/www.citm.upc.edu\/blog\/wp-json\/wp\/v2\/comments?post=9693"}],"version-history":[{"count":3,"href":"https:\/\/www.citm.upc.edu\/blog\/wp-json\/wp\/v2\/posts\/9693\/revisions"}],"predecessor-version":[{"id":9707,"href":"https:\/\/www.citm.upc.edu\/blog\/wp-json\/wp\/v2\/posts\/9693\/revisions\/9707"}],"wp:featuredmedia":[{"embeddable":true,"href":"https:\/\/www.citm.upc.edu\/blog\/wp-json\/wp\/v2\/media\/9696"}],"wp:attachment":[{"href":"https:\/\/www.citm.upc.edu\/blog\/wp-json\/wp\/v2\/media?parent=9693"}],"wp:term":[{"taxonomy":"category","embeddable":true,"href":"https:\/\/www.citm.upc.edu\/blog\/wp-json\/wp\/v2\/categories?post=9693"},{"taxonomy":"post_tag","embeddable":true,"href":"https:\/\/www.citm.upc.edu\/blog\/wp-json\/wp\/v2\/tags?post=9693"}],"curies":[{"name":"wp","href":"https:\/\/api.w.org\/{rel}","templated":true}]}}